{"id":689567,"date":"2026-04-27T14:46:04","date_gmt":"2026-04-27T14:46:04","guid":{"rendered":"https:\/\/microscopemedia.com\/?p=689567"},"modified":"2026-04-27T14:46:04","modified_gmt":"2026-04-27T14:46:04","slug":"are-nevoie-de-sustinatori-ce-spune-ivan-despre-motiunea-de-cenzura-impotriva-guvernului-bolojan","status":"publish","type":"post","link":"https:\/\/microscopemedia.com\/?p=689567","title":{"rendered":"\u201eAre nevoie de sus\u021bin\u0103tori\u201d. Ce spune Ivan despre mo\u021biunea de cenzur\u0103 \u00eempotriva Guvernului Bolojan"},"content":{"rendered":"<div><img decoding=\"async\" src=\"https:\/\/microscopemedia.com\/wp-content\/uploads\/2026\/04\/are-nevoie-de-sustinatori-ce-spune-ivan-despre-motiunea-de-cenzura-impotriva-guvernului-bolojan.jpg\" class=\"ff-og-image-inserted\"><\/div>\n<p id=\"p-0\">Nu e o alian\u021b\u0103, e o situa\u021bie conjunctural\u0103, e o situa\u021bie \u00een care Partidul Social-Democrat \u0219i-a asumat printr-un vot cov\u00e2r\u0219itor, 97,7% dintre colegii no\u0219tri \u00een \u021bar\u0103 au decis s\u0103 retragem sprijinul politic actualului premier Ilie Bolojann iar noi ducem la cap\u0103t la acest proiect\u201d, a spus fostul ministru al Energiei.<\/p>\n<p id=\"p-1\">Potrivit lui Ivan, Partidul Social Democrat a dat \u201eAre nevoie de sus\u021bin\u0103tori, a\u0219a c\u0103 orice sus\u021bin\u0103tor este binevenit\u201d, spune Bogdan Ivan despre mo\u021biunea de cenzur\u0103 \u00eempotriva Guvernului Bolojan pe care PSD \u0219i AUR au anun\u021bat c\u0103 o vor ini\u021bia \u00eempreun\u0103.un termen \u00een care \u201edomnul prim-ministru s\u0103 renun\u021be de bun\u0103 voie, nu s-a \u00eent\u00e2mplat acest lucru, prin urmare a venit cu proiectul unei mo\u021biuni de cenzur\u0103 \u00een Parlament, care are nevoie de sus\u021bin\u0103tori, a\u0219a c\u0103 orice sus\u021bin\u0103tor este binevenit\u201d.<\/p>\n<p id=\"p-2\">Marian Neac\u0219u de la PSD \u0219i Petri\u0219or Peiu de la AUR au sus\u021binut luni diminea\u021b\u0103 o conferin\u021b\u0103 de pres\u0103 comun\u0103 \u00een care au anun\u021bat c\u0103 preg\u0103tesc o mo\u021biune de cenzur\u0103. Mo\u021biunea de cenzur\u0103 ar putea s\u0103 fie dezb\u0103tut\u0103 la \u00eenceputul lunii mai cu scopul de a demite guvernul Bolojan.<\/p>\n","protected":false},"excerpt":{"rendered":"<p>Nu e o alian\u021b\u0103, e o situa\u021bie conjunctural\u0103, e o situa\u021bie \u00een care Partidul Social-Democrat \u0219i-a asumat printr-un vot cov\u00e2r\u0219itor, 97,7% dintre colegii no\u0219tri \u00een \u021bar\u0103 au decis s\u0103 retragem &hellip; <a href=\"https:\/\/microscopemedia.com\/?p=689567\" class=\"more-link\">Read More<\/a><\/p>\n","protected":false},"author":1,"featured_media":689568,"comment_status":"closed","ping_status":"closed","sticky":false,"template":"Default","format":"standard","meta":[],"categories":[1],"tags":[],"_links":{"self":[{"href":"https:\/\/microscopemedia.com\/index.php?rest_route=\/wp\/v2\/posts\/689567"}],"collection":[{"href":"https:\/\/microscopemedia.com\/index.php?rest_route=\/wp\/v2\/posts"}],"about":[{"href":"https:\/\/microscopemedia.com\/index.php?rest_route=\/wp\/v2\/types\/post"}],"author":[{"embeddable":true,"href":"https:\/\/microscopemedia.com\/index.php?rest_route=\/wp\/v2\/users\/1"}],"replies":[{"embeddable":true,"href":"https:\/\/microscopemedia.com\/index.php?rest_route=%2Fwp%2Fv2%2Fcomments&post=689567"}],"version-history":[{"count":0,"href":"https:\/\/microscopemedia.com\/index.php?rest_route=\/wp\/v2\/posts\/689567\/revisions"}],"wp:featuredmedia":[{"embeddable":true,"href":"https:\/\/microscopemedia.com\/index.php?rest_route=\/wp\/v2\/media\/689568"}],"wp:attachment":[{"href":"https:\/\/microscopemedia.com\/index.php?rest_route=%2Fwp%2Fv2%2Fmedia&parent=689567"}],"wp:term":[{"taxonomy":"category","embeddable":true,"href":"https:\/\/microscopemedia.com\/index.php?rest_route=%2Fwp%2Fv2%2Fcategories&post=689567"},{"taxonomy":"post_tag","embeddable":true,"href":"https:\/\/microscopemedia.com\/index.php?rest_route=%2Fwp%2Fv2%2Ftags&post=689567"}],"curies":[{"name":"wp","href":"https:\/\/api.w.org\/{rel}","templated":true}]}}