{"id":689569,"date":"2026-04-27T14:56:04","date_gmt":"2026-04-27T14:56:04","guid":{"rendered":"https:\/\/microscopemedia.com\/?p=689569"},"modified":"2026-04-27T14:56:04","modified_gmt":"2026-04-27T14:56:04","slug":"euractiv-organismul-care-se-ocupa-de-politicile-ue-afectat-de-acuzatii-de-coruptie","status":"publish","type":"post","link":"https:\/\/microscopemedia.com\/?p=689569","title":{"rendered":"Euractiv: Organismul care se ocup\u0103 de politicile UE, afectat de acuza\u021bii de corup\u021bie"},"content":{"rendered":"<div><img decoding=\"async\" src=\"https:\/\/microscopemedia.com\/wp-content\/uploads\/2026\/04\/euractiv-organismul-care-se-ocupa-de-politicile-ue-afectat-de-acuzatii-de-coruptie.jpg\" class=\"ff-og-image-inserted\"><\/div>\n<p class=\"p1\" id=\"p-0\"><span dir=\"auto\"><a href=\"https:\/\/www.euractiv.com\/news\/exclusive-eu-policy-body-rocked-by-corruption-allegations\/?utm_source=eac&amp;utm_medium=twitter&amp;utm_campaign=euractiv\"><span><strong>Jurnali\u0219tii Euractiv <\/strong><\/span><\/a>scriu c\u0103 \u00eenceputul lunii martie, o scrisoare semnat\u0103 doar de \u201ereprezentan\u021bii personalului CESE\u201d a fost trimis\u0103 personalului din birourile \u0219i locuin\u021bele private ale acestora, acuz\u00e2nd-o pe Isabelle Le Galo Flores, secretarul general al organiza\u021biei din 2024, de deturnare de fonduri publice \u0219i canalizarea contractelor c\u0103tre prietenii \u0219i familia sa.<\/span><\/p>\n<p class=\"p1\" id=\"p-1\"><span dir=\"auto\">Semnat de \u201ereprezentan\u021bi ai personalului\u201d, documentul sus\u021binea c\u0103 aceasta trucase contracte publice pentru prietenii ei. <\/span><\/p>\n<p class=\"p1\" id=\"p-2\"><span dir=\"auto\">Anexa era o fotografie care pretindea c\u0103 o \u00eenf\u0103\u021bi\u0219a pe Flores poz\u00e2nd cu ofertan\u021bii c\u00e2\u0219tig\u0103tori.<\/span><\/p>\n<p class=\"p1\" id=\"p-3\"><span dir=\"auto\">\u201eDoamna Le Galo Flores pare s\u0103 gestioneze Comitetul ca \u0219i cum ar fi propria sa companie privat\u0103\u201d, se sus\u021binea \u00een scrisoare.<\/span><\/p>\n<p class=\"p1\" id=\"p-4\"><span dir=\"auto\">La dou\u0103 zile dup\u0103 ce scrisorile au \u00eenceput s\u0103 apar\u0103, pre\u0219edintele CESE, S\u00e9amus Boland, a recunoscut existen\u021ba acestora \u00eentr-un e-mail adresat personalului. <\/span><\/p>\n<p class=\"p1\" id=\"p-5\"><span dir=\"auto\">\u201eVreau s\u0103 \u0219ti\u021bi cu to\u021bii c\u0103 tratez aceast\u0103 problem\u0103 foarte \u00een serios \u0219i c\u0103 monitoriz\u0103m \u00eendeaproape aceast\u0103 situa\u021bie. Iau toate m\u0103surile adecvate \u00eempreun\u0103 cu toate autorit\u0103\u021bile competente\u201d, a scris el.<\/span><\/p>\n<p class=\"p1\" id=\"p-6\"><span dir=\"auto\">Reprezentan\u021bii oficiali ai personalului, grupa\u021bi \u00een trei sindicate, s-au distan\u021bat imediat de scrisoare, declar\u00e2nd c\u0103 nu o sus\u021bin.<\/span><i><span dir=\"auto\">&nbsp;<\/span><\/i><i><\/i><\/p>\n<p class=\"p1\" id=\"p-7\"><span dir=\"auto\">\u00cen s\u0103pt\u0103m\u00e2nile care au urmat, angaja\u021bii \u0219i-au exprimat \u00eengrijorarea c\u0103 o anchet\u0103 intern\u0103 menit\u0103 s\u0103 elimine aparenta denun\u021bare a mers prea departe. \u201eOpri\u021bi v\u00e2n\u0103toarea de vr\u0103jitoare\u201d, au scris trei sindicate \u00eentr-un mesaj comun difuzat s\u0103pt\u0103m\u00e2na trecut\u0103, sus\u021bin\u00e2nd c\u0103 e-mailurile au fost supuse unei revizuiri \u2013 o m\u0103sur\u0103 pe care au descris-o ca fiind excesiv\u0103 \u0219i arbitrar\u0103.<\/span><\/p>\n<p id=\"p-8\"><span dir=\"auto\">\u201eAtmosfera este cu adev\u0103rat oribil\u0103\u201d, a declarat unul dintre cei 700 de angaja\u021bi<\/span><span dir=\"auto\">. \u201eOamenilor le este fric\u0103.\u201d<\/span><\/p>\n<p class=\"p1\" id=\"p-9\"><span dir=\"auto\">Un purt\u0103tor de cuv\u00e2nt al CESE a respins acuza\u021biile, declar\u00e2nd c\u0103 revizuirea, acum \u00eencheiat\u0103, \u201enu a implicat \u00een niciun fel accesarea conturilor de e-mail ale personalului sau utilizarea internetului\u201d. <\/span><\/p>\n<p class=\"p1\" id=\"p-10\"><span dir=\"auto\">Purt\u0103torul de cuv\u00e2nt a ad\u0103ugat c\u0103 <span><strong><a href=\"https:\/\/www.mediafax.ro\/stirile-zilei\/financial-times-seful-antifrauda-al-ue-ia-in-vizor-cheltuielile-pentru-aparare-sunt-un-magnet-pentru-infractori-ce-anchete-face-23723237\">Oficiul Antifraud\u0103 al UE, OLAF<\/a><\/strong><\/span>, a deschis o investiga\u021bie \u0219i c\u0103 orice comentarii suplimentare ar fi nepotrivite \u00een aceast\u0103 etap\u0103.<\/span><\/p>\n<p class=\"p1\" id=\"p-11\"><span dir=\"auto\">Purt\u0103torul de cuv\u00e2nt al CESE a declarat c\u0103 problema a fost \u201etransmis\u0103 imediat \u0219i proactiv c\u0103tre OLAF de c\u0103tre pre\u0219edinte\u201d. \u201eCa urmare a acestei abord\u0103ri proactive, exist\u0103 acum o examinare OLAF \u00een curs de desf\u0103\u0219urare \u0219i nu ar fi oportune comentarii suplimentare \u00een aceast\u0103 etap\u0103.\u201d<\/span><\/p>\n<p id=\"p-12\"><span data-subtree=\"aimfl,mfl\">Comitetul Economic \u0219i Social European (CESE) este un organism consultativ al Uniunii Europene, \u00eenfiin\u021bat \u00een 1957, cu sediul la Bruxelles, care reprezint\u0103 societatea civil\u0103 organizat\u0103 \u2013 angajatori, lucr\u0103tori \u0219i diverse grupuri de interese<\/span>. Acesta ofer\u0103 avize Comisiei, Consiliului \u0219i Parlamentului European, ac\u021bion\u00e2nd ca o punte \u00eentre institu\u021biile UE \u0219i cet\u0103\u021beni.<\/p>\n<p id=\"p-13\"><span class=\"T286Pc\" data-sfc-cp data-sfc-root=\"c\" data-sfc-cb>CESE reune\u0219te 329 de membri din toate cele 27 de state membre, reprezent\u00e2nd sindicate, organiza\u021bii patronale \u0219i grupuri ale societ\u0103\u021bii civile.<\/span><span class=\"T286Pc\" data-sfc-cp data-sfc-root=\"c\" data-sfc-cb>&nbsp;Are rolul de a facilita participarea actorilor economici \u0219i sociali la procesul decizional european.<\/span><\/p>\n<p id=\"p-14\"><span class=\"T286Pc\" data-sfc-cp data-sfc-root=\"c\" data-sfc-cb>CESE se concentreaz\u0103 pe politici sociale, economice, ocuparea for\u021bei de munc\u0103 \u0219i consolidarea societ\u0103\u021bii civile, inclusiv cu implicarea \u021b\u0103rilor candidate.<\/span><\/p>\n<p id=\"p-15\"><span class=\"T286Pc\" data-sfc-cp data-sfc-root=\"c\" data-sfc-cb><span><strong><a href=\"https:\/\/www.eesc.europa.eu\/ro\">\u00cen activitatea sa, CESE<\/a><\/strong><\/span> interac\u021bioneaz\u0103 cu diverse organiza\u021bii \u0219i promoveaz\u0103 dialogul european, av\u00e2nd o pre\u0219edin\u021bie aleas\u0103 care reprezint\u0103 comitetul \u00een rela\u021biile externe.<\/span><\/p>\n","protected":false},"excerpt":{"rendered":"<p>Jurnali\u0219tii Euractiv scriu c\u0103 \u00eenceputul lunii martie, o scrisoare semnat\u0103 doar de \u201ereprezentan\u021bii personalului CESE\u201d a fost trimis\u0103 personalului din birourile \u0219i locuin\u021bele private ale acestora, acuz\u00e2nd-o pe Isabelle Le &hellip; <a href=\"https:\/\/microscopemedia.com\/?p=689569\" class=\"more-link\">Read More<\/a><\/p>\n","protected":false},"author":1,"featured_media":689570,"comment_status":"closed","ping_status":"closed","sticky":false,"template":"Default","format":"standard","meta":[],"categories":[1],"tags":[],"_links":{"self":[{"href":"https:\/\/microscopemedia.com\/index.php?rest_route=\/wp\/v2\/posts\/689569"}],"collection":[{"href":"https:\/\/microscopemedia.com\/index.php?rest_route=\/wp\/v2\/posts"}],"about":[{"href":"https:\/\/microscopemedia.com\/index.php?rest_route=\/wp\/v2\/types\/post"}],"author":[{"embeddable":true,"href":"https:\/\/microscopemedia.com\/index.php?rest_route=\/wp\/v2\/users\/1"}],"replies":[{"embeddable":true,"href":"https:\/\/microscopemedia.com\/index.php?rest_route=%2Fwp%2Fv2%2Fcomments&post=689569"}],"version-history":[{"count":0,"href":"https:\/\/microscopemedia.com\/index.php?rest_route=\/wp\/v2\/posts\/689569\/revisions"}],"wp:featuredmedia":[{"embeddable":true,"href":"https:\/\/microscopemedia.com\/index.php?rest_route=\/wp\/v2\/media\/689570"}],"wp:attachment":[{"href":"https:\/\/microscopemedia.com\/index.php?rest_route=%2Fwp%2Fv2%2Fmedia&parent=689569"}],"wp:term":[{"taxonomy":"category","embeddable":true,"href":"https:\/\/microscopemedia.com\/index.php?rest_route=%2Fwp%2Fv2%2Fcategories&post=689569"},{"taxonomy":"post_tag","embeddable":true,"href":"https:\/\/microscopemedia.com\/index.php?rest_route=%2Fwp%2Fv2%2Ftags&post=689569"}],"curies":[{"name":"wp","href":"https:\/\/api.w.org\/{rel}","templated":true}]}}