{"id":689577,"date":"2026-04-27T15:46:03","date_gmt":"2026-04-27T15:46:03","guid":{"rendered":"https:\/\/microscopemedia.com\/?p=689577"},"modified":"2026-04-27T15:46:03","modified_gmt":"2026-04-27T15:46:03","slug":"razvan-lucescu-despre-ultima-discutie-cu-mircea-lucescu-era-obosit-mi-a-spus-ca-va-merge-acasa","status":"publish","type":"post","link":"https:\/\/microscopemedia.com\/?p=689577","title":{"rendered":"R\u0103zvan Lucescu, despre ultima discu\u021bie cu Mircea Lucescu: Era obosit. Mi-a spus c\u0103 va merge acas\u0103"},"content":{"rendered":"<div><img decoding=\"async\" src=\"https:\/\/microscopemedia.com\/wp-content\/uploads\/2026\/04\/razvan-lucescu-despre-ultima-discutie-cu-mircea-lucescu-era-obosit-mi-a-spus-ca-va-merge-acasa.jpg\" class=\"ff-og-image-inserted\"><\/div>\n<p id=\"p-0\">\u201eVineri a avut infarctul, joi seara am fost pe video, pe WhatsApp. Vineri, dup\u0103 infarct, dou\u0103, trei secunde, mi-a pus Matei, fiul meu, telefonul cu el, pe WhatsApp. Era foarte obosit, ne-am salutat. Joi seara am vorbit pu\u021bin mai mult\u201d, a spus R\u0103zvan Lucescu, antrenor la PAOK Salonic, pentru <a href=\"https:\/\/www.prosport.ro\/fotbal-intern\/razvan-lucescu-ultima-discutie-cu-mircea-lucescu-20429327\" target=\"_blank\" rel=\"noopener\">ProSport<\/a>.<\/p>\n<p id=\"p-1\">El a precizat c\u0103 tat\u0103l s\u0103u era optimist \u00een ultima conversa\u021bie mai lung\u0103.<\/p>\n<p id=\"p-2\">\u201eMi-a spus c\u0103 urmeaz\u0103 s\u0103 plece a doua zi acas\u0103: \u00abVoi fi bine, merg acas\u0103. O s\u0103 \u00eencep s\u0103 ies la plimbare, voi veni la final\u0103\u00bb\u201d, a spus R\u0103zvan Lucescu, f\u0103c\u00e2nd referire la finala Cupei Greciei .<\/p>\n<p id=\"p-3\">R\u0103zvan Lucescu a ad\u0103ugat c\u0103 nu a \u00eencercat s\u0103 \u00eel conving\u0103 s\u0103 renun\u021be la antrenorat.<\/p>\n<p id=\"p-4\">\u201eNu era nimic de \u00eencercat. Era via\u021ba lui, cum \u0219i eu o am pe a mea. Nu a \u00eencercat niciodat\u0103 s\u0103 m\u0103 conving\u0103, mereu am \u0219tiut s\u0103 ne respect\u0103m dorin\u021bele (\u2026) L-am \u00een\u021beles perfect. Asta \u00ee\u0219i dorea, am \u00een\u021beles c\u0103 nu puteam s\u0103 \u00eei schimb ideea\u201d, a spus el.<\/p>\n<p id=\"p-5\">Acesta a mai spus c\u0103 regret\u0103 distan\u021ba din ultima perioad\u0103, dar \u00een\u021belege deciziile tat\u0103lui s\u0103u.<\/p>\n<p id=\"p-6\">\u201e\u00cemi pare r\u0103u, m\u0103 g\u00e2ndesc c\u0103 am fi putut, m\u0103car \u00een ultimul moment, s\u0103 fim l\u00e2ng\u0103 el. S\u0103 mai fi discutat cu el, s\u0103 fi vorbit. Dar, nu pot spune c\u0103 \u00eemi repro\u0219ez. \u0218tiu foarte bine c\u0103 \u0219i el a considerat ca e bine ca eu s\u0103 stau aici, s\u0103 \u00eemi v\u0103d de treaba mea\u201d, a mai spus R\u0103zvan Lucescu.<\/p>\n<p id=\"p-7\">Mircea Lucescu, care s-a stins din via\u021b\u0103 pe 7 aprilie, la v\u00e2rsta de 80 de ani, a fost unul dintre cei mai titra\u021bi antrenori din istoria fotbalului mondial, cu 35 de trofee \u00een palmares.<\/p>\n","protected":false},"excerpt":{"rendered":"<p>\u201eVineri a avut infarctul, joi seara am fost pe video, pe WhatsApp. Vineri, dup\u0103 infarct, dou\u0103, trei secunde, mi-a pus Matei, fiul meu, telefonul cu el, pe WhatsApp. Era foarte &hellip; <a href=\"https:\/\/microscopemedia.com\/?p=689577\" class=\"more-link\">Read More<\/a><\/p>\n","protected":false},"author":1,"featured_media":689578,"comment_status":"closed","ping_status":"closed","sticky":false,"template":"Default","format":"standard","meta":[],"categories":[1],"tags":[],"_links":{"self":[{"href":"https:\/\/microscopemedia.com\/index.php?rest_route=\/wp\/v2\/posts\/689577"}],"collection":[{"href":"https:\/\/microscopemedia.com\/index.php?rest_route=\/wp\/v2\/posts"}],"about":[{"href":"https:\/\/microscopemedia.com\/index.php?rest_route=\/wp\/v2\/types\/post"}],"author":[{"embeddable":true,"href":"https:\/\/microscopemedia.com\/index.php?rest_route=\/wp\/v2\/users\/1"}],"replies":[{"embeddable":true,"href":"https:\/\/microscopemedia.com\/index.php?rest_route=%2Fwp%2Fv2%2Fcomments&post=689577"}],"version-history":[{"count":0,"href":"https:\/\/microscopemedia.com\/index.php?rest_route=\/wp\/v2\/posts\/689577\/revisions"}],"wp:featuredmedia":[{"embeddable":true,"href":"https:\/\/microscopemedia.com\/index.php?rest_route=\/wp\/v2\/media\/689578"}],"wp:attachment":[{"href":"https:\/\/microscopemedia.com\/index.php?rest_route=%2Fwp%2Fv2%2Fmedia&parent=689577"}],"wp:term":[{"taxonomy":"category","embeddable":true,"href":"https:\/\/microscopemedia.com\/index.php?rest_route=%2Fwp%2Fv2%2Fcategories&post=689577"},{"taxonomy":"post_tag","embeddable":true,"href":"https:\/\/microscopemedia.com\/index.php?rest_route=%2Fwp%2Fv2%2Ftags&post=689577"}],"curies":[{"name":"wp","href":"https:\/\/api.w.org\/{rel}","templated":true}]}}