{"id":689583,"date":"2026-04-27T16:16:04","date_gmt":"2026-04-27T16:16:04","guid":{"rendered":"https:\/\/microscopemedia.com\/?p=689583"},"modified":"2026-04-27T16:16:04","modified_gmt":"2026-04-27T16:16:04","slug":"ministrul-iranian-de-externe-in-rusia-negocierile-de-pace-blocate-de-cererile-excesive-ale-sua","status":"publish","type":"post","link":"https:\/\/microscopemedia.com\/?p=689583","title":{"rendered":"Ministrul iranian de Externe, \u00een Rusia: Negocierile de pace, blocate de cererile excesive ale SUA"},"content":{"rendered":"<div><img decoding=\"async\" src=\"https:\/\/microscopemedia.com\/wp-content\/uploads\/2026\/04\/ministrul-iranian-de-externe-in-rusia-negocierile-de-pace-blocate-de-cererile-excesive-ale-sua.jpg\" class=\"ff-og-image-inserted\"><\/div>\n<p id=\"p-0\">Declara\u021biile au fost f\u0103cute luni, la sosirea sa la Sankt Petersburg, unde oficialul iranian poart\u0103 discu\u021bii despre situa\u021bia conflictului din Orientul Mijlociu cu omologul s\u0103u rus, Sergey Lavrov, \u0219i cu pre\u0219edintele Vladimir Putin.<\/p>\n<h2 id=\"chapter-0\">Iran: Negocierile au e\u0219uat din cauza cererilor SUA<\/h2>\n<p id=\"p-1\">\u201eAu existat unele semne de progres \u00een negocieri. \u00cens\u0103 abordarea american\u0103 a f\u0103cut ca runda anterioar\u0103 de discu\u021bii s\u0103 nu \u00ee\u0219i ating\u0103 obiectivele, \u00een ciuda progreselor \u00eenregistrate\u201d, a declarat Araghchi, potrivit <a href=\"https:\/\/www.politico.eu\/article\/iran-foreign-minister-abbas-araghchi-blame-us-peace-talks-vladimir-putin\/\" target=\"_blank\" rel=\"noopener\">Politico<\/a>.<\/p>\n<p id=\"p-2\">\u201eAcest lucru s-a \u00eent\u00e2mplat din cauza cererilor lor excesive \u0219i a abord\u0103rilor gre\u0219ite\u201d, a ad\u0103ugat oficialul iranian, indic\u00e2nd c\u0103 cerin\u021bele Washingtonului au \u00eempiedicat finalizarea negocierilor.<\/p>\n<p id=\"p-3\">\u00cenainte de deplasarea sa la Moscova, \u0219eful diploma\u021biei iraniene s-a \u00eentors de urgen\u021b\u0103 la Islamabad pentru a participa la negocieri cu partea american\u0103.<\/p>\n<h2 id=\"chapter-1\">Trump a schimbat planurile<\/h2>\n<p id=\"p-4\">Situa\u021bia s-a complicat \u0219i dup\u0103 ce pre\u0219edintele american Donald Trump a decis, \u00een weekend, s\u0103 anuleze planurile de a-i trimite la negocieri pe emisarul special Steve Witkoff \u0219i pe ginerele s\u0103u, Jared Kushner.<\/p>\n<p id=\"p-5\"><a href=\"https:\/\/www.mediafax.ro\/externe\/diplomatie-confuza-intre-iran-si-statele-unite-negocierile-sunt-blocate-trump-propune-discutii-telefonice-23726917\">\u201eNe pot suna oric\u00e2nd vor, dar nu ve\u021bi mai face zboruri de 18 ore ca s\u0103 sta\u021bi de vorb\u0103 despre nimic\u201d<\/a>, a scris Trump pe re\u021beaua Truth Social, suger\u00e2nd lipsa de \u00eencredere \u00een utilitatea negocierilor din acel moment.<\/p>\n<p id=\"p-6\">\u00cencerc\u0103rile de a ajunge la un acord durabil r\u0103m\u00e2n \u00eens\u0103 fragile, \u00een condi\u021biile \u00een care fiecare parte o acuz\u0103 pe cealalt\u0103 c\u0103 blocheaz\u0103 progresul negocierilor. Armisti\u021biul convenit la \u00eenceputul lunii aprilie a redus intensitatea conflictului, dar nu a condus la o solu\u021bie durabil\u0103.<\/p>\n<h2 id=\"chapter-2\">Iranul se bazeaz\u0103 pe sprijinul Rusiei<\/h2>\n<p id=\"p-7\">\u00cen timp ce Rusia \u00eencearc\u0103 s\u0103 \u00ee\u0219i consolideze rolul diplomatic \u00een regiune, Iranul caut\u0103 alia\u021bi \u00een negocierile dificile cu Statele Unite.<\/p>\n<p id=\"p-8\">La Moscova, oficialul iranian a subliniat rela\u021bia str\u00e2ns\u0103 dintre Teheran \u0219i Rusia, indic\u00e2nd c\u0103 Iranul se bazeaz\u0103 pe sprijinul rus \u00een acest context.<\/p>\n<p id=\"p-9\">\u201eAm men\u021binut \u00eentotdeauna consult\u0103ri str\u00e2nse cu Rusia \u0219i am purtat discu\u021bii bilaterale continue pe o gam\u0103 larg\u0103 de subiecte\u201d, a transmis Abbas Araghchi pe canalul s\u0103u de Telegram.<\/p>\n","protected":false},"excerpt":{"rendered":"<p>Declara\u021biile au fost f\u0103cute luni, la sosirea sa la Sankt Petersburg, unde oficialul iranian poart\u0103 discu\u021bii despre situa\u021bia conflictului din Orientul Mijlociu cu omologul s\u0103u rus, Sergey Lavrov, \u0219i cu &hellip; <a href=\"https:\/\/microscopemedia.com\/?p=689583\" class=\"more-link\">Read More<\/a><\/p>\n","protected":false},"author":1,"featured_media":689584,"comment_status":"closed","ping_status":"closed","sticky":false,"template":"Default","format":"standard","meta":[],"categories":[1],"tags":[],"_links":{"self":[{"href":"https:\/\/microscopemedia.com\/index.php?rest_route=\/wp\/v2\/posts\/689583"}],"collection":[{"href":"https:\/\/microscopemedia.com\/index.php?rest_route=\/wp\/v2\/posts"}],"about":[{"href":"https:\/\/microscopemedia.com\/index.php?rest_route=\/wp\/v2\/types\/post"}],"author":[{"embeddable":true,"href":"https:\/\/microscopemedia.com\/index.php?rest_route=\/wp\/v2\/users\/1"}],"replies":[{"embeddable":true,"href":"https:\/\/microscopemedia.com\/index.php?rest_route=%2Fwp%2Fv2%2Fcomments&post=689583"}],"version-history":[{"count":0,"href":"https:\/\/microscopemedia.com\/index.php?rest_route=\/wp\/v2\/posts\/689583\/revisions"}],"wp:featuredmedia":[{"embeddable":true,"href":"https:\/\/microscopemedia.com\/index.php?rest_route=\/wp\/v2\/media\/689584"}],"wp:attachment":[{"href":"https:\/\/microscopemedia.com\/index.php?rest_route=%2Fwp%2Fv2%2Fmedia&parent=689583"}],"wp:term":[{"taxonomy":"category","embeddable":true,"href":"https:\/\/microscopemedia.com\/index.php?rest_route=%2Fwp%2Fv2%2Fcategories&post=689583"},{"taxonomy":"post_tag","embeddable":true,"href":"https:\/\/microscopemedia.com\/index.php?rest_route=%2Fwp%2Fv2%2Ftags&post=689583"}],"curies":[{"name":"wp","href":"https:\/\/api.w.org\/{rel}","templated":true}]}}