{"id":689597,"date":"2026-04-27T17:46:04","date_gmt":"2026-04-27T17:46:04","guid":{"rendered":"https:\/\/microscopemedia.com\/?p=689597"},"modified":"2026-04-27T17:46:04","modified_gmt":"2026-04-27T17:46:04","slug":"reuters-psd-se-aliaza-cu-opozitia-de-extrema-dreapta-pentru-a-rasturna-coalitia-pro-europeana-votul-ar-putea-avea-loc-pe-5-mai","status":"publish","type":"post","link":"https:\/\/microscopemedia.com\/?p=689597","title":{"rendered":"Reuters: PSD se aliaz\u0103 cu opozi\u021bia de extrem\u0103 dreapta pentru a r\u0103sturna coali\u021bia pro-european\u0103. Votul ar putea avea loc pe 5 mai"},"content":{"rendered":"<div><img decoding=\"async\" src=\"https:\/\/microscopemedia.com\/wp-content\/uploads\/2026\/04\/reuters-psd-se-aliaza-cu-opozitia-de-extrema-dreapta-pentru-a-rasturna-coalitia-pro-europeana-votul-ar-putea-avea-loc-pe-5-mai.jpg\" class=\"ff-og-image-inserted\"><\/div>\n<p id=\"p-0\">Agen\u021bia britanic\u0103 descrie consecin\u021bele politice \u0219i economice ale retragerii PSD din guvern: \u201eMini\u0219trii social-democra\u021bi au demisionat s\u0103pt\u0103m\u00e2na trecut\u0103 din guvernul condus de premierul liberal Ilie Bolojan, l\u0103s\u00e2nd coali\u021bia f\u0103r\u0103 majoritate parlamentar\u0103 \u0219i pun\u00e2nd \u00een pericol finan\u021barea extern\u0103, ratingurile suverane \u0219i costurilor de \u00eemprumut ale Rom\u00e2niei\u201d.<\/p>\n<h2 id=\"chapter-0\">Ne\u00een\u021belegeri pe reducerile bugetare<\/h2>\n<p id=\"p-1\">\u201ePerceput ca un reformator \u2013 scrie <a href=\"https:\/\/www.reuters.com\/world\/romanias-largest-party-teams-up-with-far-right-opposition-topple-pro-european-2026-04-27\/\" target=\"_blank\" rel=\"noopener\">Reuters<\/a> \u2013 Ilie Bolojan a refuzat s\u0103 demisioneze, argument\u00e2nd c\u0103 executivul trebuie s\u0103 continue reformele esen\u021biale pentru a accesa peste 10 miliarde de euro din fondurile europene de redresare post-pandemie, \u00eenainte de termenul limit\u0103 din august stabilit de Uniunea European\u0103\u201d.<\/p>\n<p id=\"p-2\">Potrivit anali\u0219tilor britanici, coali\u021bia format\u0103 dup\u0103 alegerile din decembrie 2024 a avut drept obiectiv limitarea ascensiunii partidelor de extrem\u0103 dreapta, \u00eens\u0103 tensiunile dintre liberali \u0219i social-democra\u021bi au crescut din cauza reducerilor bugetare propuse pentru sc\u0103derea deficitului.<\/p>\n<p id=\"p-3\">Executivul \u00eencearc\u0103 s\u0103 reduc\u0103 deficitul bugetar de la peste 9% din PIB \u00een 2024 \u2013 cel mai ridicat din Uniunea European\u0103 \u2013 la 6,2% \u00een acest an, arat\u0103 Reuters.<\/p>\n<h2 id=\"chapter-1\">233 de voturi pentru c\u0103derea guvernului<\/h2>\n<p id=\"p-4\">Analiz\u00e2nd aritmetica parlamentar\u0103, agen\u021bia a explicat c\u0103 PSD \u0219i partidele de opozi\u021bie ar putea reuni suficiente voturi pentru a demite guvernul. Cele dou\u0103 tabere controleaz\u0103 aproximativ 220 din cele 464 de mandate din Parlament, iar pentru adoptarea unei mo\u021biuni de cenzur\u0103 sunt necesare 233 de voturi.<\/p>\n<h2 id=\"chapter-2\">PSD evit\u0103 s\u0103 confirme o alian\u021b\u0103 cu AUR<\/h2>\n<p id=\"p-5\">\u201eSocial-democra\u021bii au spus \u00een repetate r\u00e2nduri c\u0103 sunt dispu\u0219i s\u0103 revin\u0103 \u00een aceea\u0219i coali\u021bie pro-european\u0103, dar f\u0103r\u0103 Bolojan \u00een fruntea ei\u201d, noteaz\u0103 Reuters, men\u021bion\u00e2nd c\u0103 liberalii \u00eel sus\u021bin \u00een continuare pe actualul premier \u0219i resping o nou\u0103 colaborare cu PSD.<\/p>\n<p id=\"p-6\">PSD \u0219i AUR au anun\u021bat luni c\u0103 vor depune \u00eempreun\u0103 mo\u021biune de cenzur\u0103 \u00eempotriva Guvernului Bolojan. \u00centrebat dac\u0103 este posibil\u0103 o alian\u021b\u0103 de guvernare \u00eentre PSD \u0219i AUR, Fostul vicepremier Marian Neac\u0219u a evitat un r\u0103spuns clar, spun\u00e2nd doar c\u0103 \u201eorice drum \u00eencepe cu primul pas\u201d.<\/p>\n<h2 id=\"chapter-3\">AUR, deschis la negocieri cu toate partidele<\/h2>\n<p id=\"p-7\">Liderul AUR, George Simion, a declarat c\u0103 mo\u021biunea de cenzur\u0103 va fi depus\u0103 imediat ce vor fi str\u00e2nse cele 233 de semn\u0103turi necesare, iar votul ar putea avea loc chiar pe 5 mai. \u201eSuntem deschi\u0219i la discu\u021bii cu toate partidele dup\u0103 c\u0103derea guvernului\u201d, a ad\u0103ugat acesta, potrivit Reuters.<\/p>\n<p id=\"p-8\">Rom\u00e2nia nu are programate alegeri parlamentare p\u00e2n\u0103 \u00een 2028 \u0219i nu a avut p\u00e2n\u0103 acum alegeri anticipate.<\/p>\n","protected":false},"excerpt":{"rendered":"<p>Agen\u021bia britanic\u0103 descrie consecin\u021bele politice \u0219i economice ale retragerii PSD din guvern: \u201eMini\u0219trii social-democra\u021bi au demisionat s\u0103pt\u0103m\u00e2na trecut\u0103 din guvernul condus de premierul liberal Ilie Bolojan, l\u0103s\u00e2nd coali\u021bia f\u0103r\u0103 majoritate &hellip; <a href=\"https:\/\/microscopemedia.com\/?p=689597\" class=\"more-link\">Read More<\/a><\/p>\n","protected":false},"author":1,"featured_media":689598,"comment_status":"closed","ping_status":"closed","sticky":false,"template":"Default","format":"standard","meta":[],"categories":[1],"tags":[],"_links":{"self":[{"href":"https:\/\/microscopemedia.com\/index.php?rest_route=\/wp\/v2\/posts\/689597"}],"collection":[{"href":"https:\/\/microscopemedia.com\/index.php?rest_route=\/wp\/v2\/posts"}],"about":[{"href":"https:\/\/microscopemedia.com\/index.php?rest_route=\/wp\/v2\/types\/post"}],"author":[{"embeddable":true,"href":"https:\/\/microscopemedia.com\/index.php?rest_route=\/wp\/v2\/users\/1"}],"replies":[{"embeddable":true,"href":"https:\/\/microscopemedia.com\/index.php?rest_route=%2Fwp%2Fv2%2Fcomments&post=689597"}],"version-history":[{"count":0,"href":"https:\/\/microscopemedia.com\/index.php?rest_route=\/wp\/v2\/posts\/689597\/revisions"}],"wp:featuredmedia":[{"embeddable":true,"href":"https:\/\/microscopemedia.com\/index.php?rest_route=\/wp\/v2\/media\/689598"}],"wp:attachment":[{"href":"https:\/\/microscopemedia.com\/index.php?rest_route=%2Fwp%2Fv2%2Fmedia&parent=689597"}],"wp:term":[{"taxonomy":"category","embeddable":true,"href":"https:\/\/microscopemedia.com\/index.php?rest_route=%2Fwp%2Fv2%2Fcategories&post=689597"},{"taxonomy":"post_tag","embeddable":true,"href":"https:\/\/microscopemedia.com\/index.php?rest_route=%2Fwp%2Fv2%2Ftags&post=689597"}],"curies":[{"name":"wp","href":"https:\/\/api.w.org\/{rel}","templated":true}]}}