{"id":689603,"date":"2026-04-27T18:26:03","date_gmt":"2026-04-27T18:26:03","guid":{"rendered":"https:\/\/microscopemedia.com\/?p=689603"},"modified":"2026-04-27T18:26:03","modified_gmt":"2026-04-27T18:26:03","slug":"balastiere-ilegale-in-olt-vizibile-din-satelit-crater-de-5-hectare-sapat-in-4-ani-fara-acte","status":"publish","type":"post","link":"https:\/\/microscopemedia.com\/?p=689603","title":{"rendered":"Balastiere ilegale \u00een Olt, vizibile din satelit: \u201eCrater de 5 hectare s\u0103pat \u00een 4 ani, f\u0103r\u0103 acte\u201d"},"content":{"rendered":"<div><img decoding=\"async\" src=\"https:\/\/microscopemedia.com\/wp-content\/uploads\/2026\/04\/balastiere-ilegale-in-olt-vizibile-din-satelit-crater-de-5-hectare-sapat-in-4-ani-fara-acte.jpg\" class=\"ff-og-image-inserted\"><\/div>\n<p id=\"p-0\">Ministrul Mediului a dezv\u0103luit, luni, pe re\u021belele sociale, c\u0103 \u00een jude\u021bul Olt exist\u0103 exploat\u0103ri ilegale de balast care pot fi observate inclusiv din satelit.<\/p>\n<p id=\"p-1\">\u201e\u00cen Olt balastierele ilegale se v\u0103d din satelit, la propriu. Uita\u021bi-v\u0103 la poza de mai jos. Iazul \u00eencercuit nu exista acum 4 ani. 4 ani s-a s\u0103pat un crater, f\u0103r\u0103 acte, pe 5 hectare\u201d, a scris <a href=\"https:\/\/www.facebook.com\/share\/p\/1Khn1DZWUF\/\" target=\"_blank\" rel=\"noopener\">Diana Buzoianu<\/a>.<\/p>\n<h2 id=\"chapter-0\">Imaginea indic\u0103 o exploatare extins\u0103<\/h2>\n<p id=\"p-2\">Postarea este \u00eenso\u021bit\u0103 de o imagine din satelit \u00een care este \u00eencercuit un iaz despre care Buzoianu spune c\u0103 nu exista \u00een urm\u0103 cu patru ani. Potrivit acesteia, \u00een zon\u0103 s-a s\u0103pat \u201eun crater\u201d f\u0103r\u0103 autoriza\u021bii, pe o suprafa\u021b\u0103 extins\u0103.<\/p>\n<h2 id=\"chapter-1\">\u201eMii de camioane\u201d \u0219i venituri ilegale<\/h2>\n<p id=\"p-3\">Minsitrul Mediului men\u021bioneaz\u0103 c\u0103 exploatarea a fost realizat\u0103 la scar\u0103 mare, iar transportul materialelor nu ar fi putut trece neobservat autorit\u0103\u021bile responsabile.<\/p>\n<p id=\"p-4\">\u201eUn crater de unde au fost scoase mii de camioane cu nisip \u0219i balast, materiale care apoi au fost v\u00e2ndute \u0219i s-a ob\u021binut un venit ilegal de milioane \u0219i milioane de lei\u201d, a precizat Diana Buzoianu.<\/p>\n<p id=\"p-5\">\u201eMii de camioane dus-\u00eentors. Pe care conducerile de la nivelul Administra\u021biei Bazinale Olt \u0219i din structura din local SGA Olt spun c\u0103 nu le-au v\u0103zut\u201d, a ad\u0103ugat ea.<\/p>\n<h2 id=\"chapter-2\">Buzoianu vrea s\u0103 schimbe conducerile care tolereaz\u0103 mafii locale<\/h2>\n<p id=\"p-6\">Potrivit acesteia, cazul prezentat nu este unul izolat, iar \u00een jude\u021bul Olt ar exista mai multe astfel de exploat\u0103ri ilegale: \u201e\u0218i acesta e doar un caz. \u00cen Olt sunt zeci de hectare gestionate ilegal de balastiere\u201d.<\/p>\n<p id=\"p-7\">Oficialul cere schimb\u0103ri la nivelul conducerii institu\u021biilor implicate. \u201eRom\u00e2nii merit\u0103 mai mult dec\u00e2t autorit\u0103\u021bi care v\u00e2nd pove\u0219ti de adormit copiii. (\u2026) Toate conducerile care arat\u0103 o asemenea indiferen\u021b\u0103 fa\u021b\u0103 de mafiile locale nu mai au de ce s\u0103 r\u0103m\u00e2n\u0103 la conducerea acelor institu\u021bii\u201d, a scris Buzoianu, critic\u00e2nd lipsa de reac\u021bie a autorit\u0103\u021bilor.<\/p>\n<p id=\"p-8\">\u201e\u00cen locul lor pot veni oameni ale\u0219i transparent, cu proceduri de selec\u021bie competitive\u201d.<\/p>\n<h2 id=\"chapter-3\">Sarcina viitorului director al ABA Olt: cur\u0103\u021barea sistemului<\/h2>\n<p id=\"p-9\">Diana Buzoianu a anun\u021bat c\u0103 urmeaz\u0103 o procedur\u0103 de selec\u021bie pentru conducerea Administra\u021biei Bazinale de Ap\u0103 Olt (ABA Olt), institu\u021bie aflat\u0103 \u00een subordinea Administra\u021biei Na\u021bionale \u201eApele Rom\u00e2ne\u201d (ANAR).<\/p>\n<p id=\"p-10\">\u201eDirectorul general al ANAR ne-a anun\u021bat c\u0103 urmeaz\u0103 s\u0103 fie realizat\u0103 o astfel de procedur\u0103 transparent\u0103 la nivelul Olt pentru directorul Administra\u021biei Bazinale Olt\u201d, a precizat ea.<\/p>\n<p id=\"p-11\">Ministrul spune c\u0103 noul director ar trebui s\u0103 aib\u0103 ca prioritate combaterea ilegalit\u0103\u021bilor: \u201eE normal ca mandatul viitorului director s\u0103 fie scoaterea ilegalit\u0103\u021bilor la iveal\u0103 \u0219i sanc\u021bionarea legal\u0103 a tuturor celor care au \u00eentors ochii la ilegalit\u0103\u021bi \u00een ultimii ani\u201d.<\/p>\n","protected":false},"excerpt":{"rendered":"<p>Ministrul Mediului a dezv\u0103luit, luni, pe re\u021belele sociale, c\u0103 \u00een jude\u021bul Olt exist\u0103 exploat\u0103ri ilegale de balast care pot fi observate inclusiv din satelit. \u201e\u00cen Olt balastierele ilegale se v\u0103d &hellip; <a href=\"https:\/\/microscopemedia.com\/?p=689603\" class=\"more-link\">Read More<\/a><\/p>\n","protected":false},"author":1,"featured_media":689604,"comment_status":"closed","ping_status":"closed","sticky":false,"template":"Default","format":"standard","meta":[],"categories":[1],"tags":[],"_links":{"self":[{"href":"https:\/\/microscopemedia.com\/index.php?rest_route=\/wp\/v2\/posts\/689603"}],"collection":[{"href":"https:\/\/microscopemedia.com\/index.php?rest_route=\/wp\/v2\/posts"}],"about":[{"href":"https:\/\/microscopemedia.com\/index.php?rest_route=\/wp\/v2\/types\/post"}],"author":[{"embeddable":true,"href":"https:\/\/microscopemedia.com\/index.php?rest_route=\/wp\/v2\/users\/1"}],"replies":[{"embeddable":true,"href":"https:\/\/microscopemedia.com\/index.php?rest_route=%2Fwp%2Fv2%2Fcomments&post=689603"}],"version-history":[{"count":0,"href":"https:\/\/microscopemedia.com\/index.php?rest_route=\/wp\/v2\/posts\/689603\/revisions"}],"wp:featuredmedia":[{"embeddable":true,"href":"https:\/\/microscopemedia.com\/index.php?rest_route=\/wp\/v2\/media\/689604"}],"wp:attachment":[{"href":"https:\/\/microscopemedia.com\/index.php?rest_route=%2Fwp%2Fv2%2Fmedia&parent=689603"}],"wp:term":[{"taxonomy":"category","embeddable":true,"href":"https:\/\/microscopemedia.com\/index.php?rest_route=%2Fwp%2Fv2%2Fcategories&post=689603"},{"taxonomy":"post_tag","embeddable":true,"href":"https:\/\/microscopemedia.com\/index.php?rest_route=%2Fwp%2Fv2%2Ftags&post=689603"}],"curies":[{"name":"wp","href":"https:\/\/api.w.org\/{rel}","templated":true}]}}