{"id":689605,"date":"2026-04-27T18:36:04","date_gmt":"2026-04-27T18:36:04","guid":{"rendered":"https:\/\/microscopemedia.com\/?p=689605"},"modified":"2026-04-27T18:36:04","modified_gmt":"2026-04-27T18:36:04","slug":"care-sunt-subiectele-delicate-pe-care-bolojan-le-a-pus-pe-masa-si-care-au-declansat-ruptura-cu-psd","status":"publish","type":"post","link":"https:\/\/microscopemedia.com\/?p=689605","title":{"rendered":"Care sunt subiectele delicate pe care Bolojan le-a pus pe mas\u0103 \u0219i care au declan\u0219at ruptura cu PSD"},"content":{"rendered":"<div><img decoding=\"async\" src=\"https:\/\/microscopemedia.com\/wp-content\/uploads\/2026\/04\/care-sunt-subiectele-delicate-pe-care-bolojan-le-a-pus-pe-masa-si-care-au-declansat-ruptura-cu-psd.jpg\" class=\"ff-og-image-inserted\"><\/div>\n<p class=\"font-claude-response-body break-words whitespace-normal leading-[1.7]\" id=\"p-0\">Premierul Ilie Bolojan a declarat, la Digi 24, c\u0103 reformele derulate \u00een ultimele luni, \u00een energie, companii publice \u0219i administra\u021bie, au generat un deranj major. A legat lista \u201eb\u0103ie\u021bilor de\u0219tep\u021bi\u201d, publicat\u0103 vineri, de schimbarea de strategie a PSD din weekend.<\/p>\n<h2 class=\"font-claude-response-body break-words whitespace-normal leading-[1.7]\" id=\"chapter-0\"><strong>\u201eUnde erau probleme, era cineva sus\u021binut de PSD\u201d<\/strong><\/h2>\n<p class=\"font-claude-response-body break-words whitespace-normal leading-[1.7]\" id=\"p-1\">Bolojan a spus c\u0103, \u00een fiecare minister \u0219i companie public\u0103 verificat\u0103, a g\u0103sit aceea\u0219i constant\u0103: acolo unde existau nereguli, era implicat cineva sus\u021binut de PSD. A precizat c\u0103 nu exclude implicarea altor partide, dar constanta a fost mereu aceea\u0219i.<\/p>\n<p class=\"font-claude-response-body break-words whitespace-normal leading-[1.7]\" id=\"p-2\">\u201eAm aprins lumina \u0219i am \u00eencercat s\u0103 facem reguli. Asta a deranjat\u201d, a spus premierul.<\/p>\n<h2 class=\"font-claude-response-body break-words whitespace-normal leading-[1.7]\" id=\"chapter-1\"><strong>G\u0103urile negre ale banului public<\/strong><\/h2>\n<p class=\"font-claude-response-body break-words whitespace-normal leading-[1.7]\" id=\"p-3\">Bolojan a avertizat c\u0103, f\u0103r\u0103 ordine \u00een institu\u021bii \u0219i companii publice, banii colecta\u021bi se duc \u00een \u201eg\u0103uri negre\u201d. A subliniat c\u0103 problema nu \u021bine de culoarea politic\u0103, ci de onestitatea guvern\u0103rii.<\/p>\n<p class=\"font-claude-response-body break-words whitespace-normal leading-[1.7]\" id=\"p-4\">\u201eIndiferent c\u00e2t vei colecta, indiferent c\u00e2t vei economisi, o bun\u0103 parte din banii acestei \u021b\u0103ri se vor duce \u00een aceste g\u0103uri negre\u201d, a afirmat premierul.<\/p>\n<h2 class=\"font-claude-response-body break-words whitespace-normal leading-[1.7]\" id=\"chapter-2\"><strong>Energia \u0219i decarbonizarea, subiecte sensibile<\/strong><\/h2>\n<p class=\"font-claude-response-body break-words whitespace-normal leading-[1.7]\" id=\"p-5\">Printre subiectele delicate enumerate de Bolojan se num\u0103r\u0103 \u0219i \u00eenchiderea unor centrale pe c\u0103rbune. Rom\u00e2nia are angajamente asumate, dar nu a construit capacit\u0103\u021bi alternative. Premierul a precizat c\u0103 un studiu va stabili ce grupuri pot fi \u00eenchise f\u0103r\u0103 a afecta echilibrul energetic.<\/p>\n<p class=\"font-claude-response-body break-words whitespace-normal leading-[1.7]\" id=\"p-6\">Pe re\u021belele electrice, ANRE a publicat dou\u0103 regulamente care introduc garan\u021bii de 30 de euro per kilowatt pentru racordare. M\u0103sura vizeaz\u0103 eliminarea speculei cu autoriza\u021bii \u0219i deparazitarea re\u021belelor.<\/p>\n","protected":false},"excerpt":{"rendered":"<p>Premierul Ilie Bolojan a declarat, la Digi 24, c\u0103 reformele derulate \u00een ultimele luni, \u00een energie, companii publice \u0219i administra\u021bie, au generat un deranj major. A legat lista \u201eb\u0103ie\u021bilor de\u0219tep\u021bi\u201d, &hellip; <a href=\"https:\/\/microscopemedia.com\/?p=689605\" class=\"more-link\">Read More<\/a><\/p>\n","protected":false},"author":1,"featured_media":689606,"comment_status":"closed","ping_status":"closed","sticky":false,"template":"Default","format":"standard","meta":[],"categories":[1],"tags":[],"_links":{"self":[{"href":"https:\/\/microscopemedia.com\/index.php?rest_route=\/wp\/v2\/posts\/689605"}],"collection":[{"href":"https:\/\/microscopemedia.com\/index.php?rest_route=\/wp\/v2\/posts"}],"about":[{"href":"https:\/\/microscopemedia.com\/index.php?rest_route=\/wp\/v2\/types\/post"}],"author":[{"embeddable":true,"href":"https:\/\/microscopemedia.com\/index.php?rest_route=\/wp\/v2\/users\/1"}],"replies":[{"embeddable":true,"href":"https:\/\/microscopemedia.com\/index.php?rest_route=%2Fwp%2Fv2%2Fcomments&post=689605"}],"version-history":[{"count":0,"href":"https:\/\/microscopemedia.com\/index.php?rest_route=\/wp\/v2\/posts\/689605\/revisions"}],"wp:featuredmedia":[{"embeddable":true,"href":"https:\/\/microscopemedia.com\/index.php?rest_route=\/wp\/v2\/media\/689606"}],"wp:attachment":[{"href":"https:\/\/microscopemedia.com\/index.php?rest_route=%2Fwp%2Fv2%2Fmedia&parent=689605"}],"wp:term":[{"taxonomy":"category","embeddable":true,"href":"https:\/\/microscopemedia.com\/index.php?rest_route=%2Fwp%2Fv2%2Fcategories&post=689605"},{"taxonomy":"post_tag","embeddable":true,"href":"https:\/\/microscopemedia.com\/index.php?rest_route=%2Fwp%2Fv2%2Ftags&post=689605"}],"curies":[{"name":"wp","href":"https:\/\/api.w.org\/{rel}","templated":true}]}}