{"id":689607,"date":"2026-04-27T18:47:03","date_gmt":"2026-04-27T18:47:03","guid":{"rendered":"https:\/\/microscopemedia.com\/?p=689607"},"modified":"2026-04-27T18:47:03","modified_gmt":"2026-04-27T18:47:03","slug":"bolojan-nu-intalnirile-civilizate-sunt-problema-ci-se-se-intampla-dupa-intalniri","status":"publish","type":"post","link":"https:\/\/microscopemedia.com\/?p=689607","title":{"rendered":"Bolojan: Nu \u00eent\u00e2lnirile civilizate sunt problema, ci se se \u00eent\u00e2mpl\u0103 dup\u0103 \u00eent\u00e2lniri"},"content":{"rendered":"<div><img decoding=\"async\" src=\"https:\/\/microscopemedia.com\/wp-content\/uploads\/2026\/04\/bolojan-nu-intalnirile-civilizate-sunt-problema-ci-se-se-intampla-dupa-intalniri.jpg\" class=\"ff-og-image-inserted\"><\/div>\n<p id=\"p-0\">Ilie Bolojan a fost \u00eentrebat, luni, la Digi 24, cum a fost \u00eent\u00e2lnirea cu Sorin Grindeanu de la Cotroceni \u0219i a spus c\u0103 \u201etoate \u00eent\u00e2lnirile pe care le-am avut \u00een aceast\u0103 perioad\u0103, nu doar ast\u0103zi, cu orice lider politic, eu am c\u0103utat s\u0103 le fac \u00eentr-o manier\u0103 civilizat\u0103, s\u0103 purt\u0103m discu\u021biile care \u021bin de agenda \u00eent\u00e2lnirii respective, de ceea ce a propus domnul pre\u0219edinte, subiectele care au fost luate la r\u00e2nd\u201d.<\/p>\n<p id=\"p-1\">\u201eA fost o \u00eent\u00e2lnire civilizat\u0103. Nu \u00eent\u00e2lnirile civilizate sunt problema, ceea ce se \u00eent\u00e2mpl\u0103 dup\u0103 aceea. Pentru c\u0103 s\u0103 \u0219ti\u021bi c\u0103 \u0219i \u00een coali\u021bie am avut \u00eentotdeauna \u00eent\u00e2lniri civilizate. Problema este c\u0103 nu se respectau \u00een\u021belegerile \u0219i problema este c\u0103 \u00een comunicare, \u00een spa\u021biu public, vuvuzelele organizate de partid invalidau toate \u00een\u021belegerile care au fost convenite\u201d, a spus pre\u0219edintele PNL.<\/p>\n<p id=\"p-2\">\u00centrebat c\u00e2nd i-a fost clar c\u0103 nu merge cu PSD \u0219i c\u0103 nu va func\u021biona coali\u021bia, Ilie Bolojan a spus c\u0103 \u201eopt luni m-am f\u0103cut c\u0103 nu aud\u201d.<\/p>\n<p id=\"p-3\">\u201eV\u0103 rog s\u0103 v\u0103 g\u00e2ndi\u021bi c\u0103 timp de 8 luni de zile am r\u0103bdat practic, m-am f\u0103cut c\u0103 nu aud ce s\u0103 se \u00eent\u00e2mpl\u0103 \u00een spa\u021biul public. Vedeam \u00eent\u00e2rzierile, vedeam tragerea de timp vizavi de un proiect sau altul care \u00eensemna lucruri care sau nu sunau bine sau nu conveneau. Dar am crezut c\u0103 merit\u0103 s\u0103 fac acest lucru pentru \u021bara noastr\u0103 \u0219i nu-mi pare r\u0103u. Pentru c\u0103 atunci c\u00e2nd a fost nevoie, mi-am asumat aceast\u0103 r\u0103spundere \u0219i fiecare zi c\u00e2nd stai pe acest post este onoare s\u0103 lucrezi pentru Rom\u00e2nia. Deci nu am o problem\u0103 pe termen asta. Dar treptat, treptat, sigur, c\u00e2nd am v\u0103zut c\u0103 lucrurile degenereaz\u0103, c\u00e2nd era evident c\u0103 nu mai po\u021bi s\u0103 stai la o \u00eent\u00e2lnire ca \u0219i cum nimic nu s-ar fi \u00eent\u00e2mplat \u0219i seara pe televiziuni, pe bloguri, pe conturile de Facebook s\u0103 te \u00eenjuri ca la u\u0219a cortului, nu merg lucrurile este \u00een formula asta \u0219i era evident c\u0103 e o construc\u021bie care a fost g\u00e2ndit\u0103 \u00een a\u0219a fel \u00eenc\u00e2t, pur \u0219i simplu, s\u0103 dinamitezi aceast\u0103 coali\u021bie. Pentru c\u0103 dac\u0103 ar fi fost vreo propunere \u00een orice domeniu, care a fost blocat\u0103 de premier, un proiect foarte bun, care ar fi fost propus \u0219i a fost neaprobat, dac\u0103 ceilal\u021bi parteneri ar confirma c\u0103 \u00eentr-adev\u0103r \u00een discu\u021bii premierul nu \u0219i-a respectat \u00een\u021belegerile, nu i-a respectat pe parteneri, sigur ar fi o logic\u0103 a discu\u021biei. Dar a\u0219a cum se vede, nu exist\u0103 aceste lucruri \u0219i deci a fost o ac\u021biune premeditat\u0103 \u00een mod iresponsabil, din ra\u021biuni politice, de interese, pur \u0219i simplu, care \u021bin de oameni din conducerea PSD, am ajuns \u00een aceast\u0103 situa\u021bie. Din p\u0103cate, nu va fi bine pentru Rom\u00e2nia\u201d, a mai spus Bolojan.<\/p>\n<p id=\"p-4\">&nbsp;<\/p>\n","protected":false},"excerpt":{"rendered":"<p>Ilie Bolojan a fost \u00eentrebat, luni, la Digi 24, cum a fost \u00eent\u00e2lnirea cu Sorin Grindeanu de la Cotroceni \u0219i a spus c\u0103 \u201etoate \u00eent\u00e2lnirile pe care le-am avut \u00een &hellip; <a href=\"https:\/\/microscopemedia.com\/?p=689607\" class=\"more-link\">Read More<\/a><\/p>\n","protected":false},"author":1,"featured_media":689608,"comment_status":"closed","ping_status":"closed","sticky":false,"template":"Default","format":"standard","meta":[],"categories":[1],"tags":[],"_links":{"self":[{"href":"https:\/\/microscopemedia.com\/index.php?rest_route=\/wp\/v2\/posts\/689607"}],"collection":[{"href":"https:\/\/microscopemedia.com\/index.php?rest_route=\/wp\/v2\/posts"}],"about":[{"href":"https:\/\/microscopemedia.com\/index.php?rest_route=\/wp\/v2\/types\/post"}],"author":[{"embeddable":true,"href":"https:\/\/microscopemedia.com\/index.php?rest_route=\/wp\/v2\/users\/1"}],"replies":[{"embeddable":true,"href":"https:\/\/microscopemedia.com\/index.php?rest_route=%2Fwp%2Fv2%2Fcomments&post=689607"}],"version-history":[{"count":0,"href":"https:\/\/microscopemedia.com\/index.php?rest_route=\/wp\/v2\/posts\/689607\/revisions"}],"wp:featuredmedia":[{"embeddable":true,"href":"https:\/\/microscopemedia.com\/index.php?rest_route=\/wp\/v2\/media\/689608"}],"wp:attachment":[{"href":"https:\/\/microscopemedia.com\/index.php?rest_route=%2Fwp%2Fv2%2Fmedia&parent=689607"}],"wp:term":[{"taxonomy":"category","embeddable":true,"href":"https:\/\/microscopemedia.com\/index.php?rest_route=%2Fwp%2Fv2%2Fcategories&post=689607"},{"taxonomy":"post_tag","embeddable":true,"href":"https:\/\/microscopemedia.com\/index.php?rest_route=%2Fwp%2Fv2%2Ftags&post=689607"}],"curies":[{"name":"wp","href":"https:\/\/api.w.org\/{rel}","templated":true}]}}