{"id":689609,"date":"2026-04-27T19:06:03","date_gmt":"2026-04-27T19:06:03","guid":{"rendered":"https:\/\/microscopemedia.com\/?p=689609"},"modified":"2026-04-27T19:06:03","modified_gmt":"2026-04-27T19:06:03","slug":"ce-va-face-bolojan-daca-motiunea-va-trece-voi-iesi-cu-fruntea-sus","status":"publish","type":"post","link":"https:\/\/microscopemedia.com\/?p=689609","title":{"rendered":"Ce va face Bolojan, dac\u0103 mo\u021biunea va trece: Voi ie\u0219i cu fruntea sus"},"content":{"rendered":"<div><img decoding=\"async\" src=\"https:\/\/microscopemedia.com\/wp-content\/uploads\/2026\/04\/ce-va-face-bolojan-daca-motiunea-va-trece-voi-iesi-cu-fruntea-sus.jpg\" class=\"ff-og-image-inserted\"><\/div>\n<p id=\"p-0\">\u201eP\u00e2n\u0103 se va forma un alt guvern, voi asigura func\u021bionarea guvernului cu mandatul limitat, pentru c\u0103 asta trebuie s\u0103 faci atunci c\u00e2nd e\u0219ti pe o func\u021bie public\u0103. Voi ie\u0219i cu fruntea sus, s\u0103 \u00eenchid toate lucrurile pe care le avem\u201d, a spus Ilie Bolojan, la Digi24.<\/p>\n<p id=\"p-1\">\u0218eful Executivului a ad\u0103ugat c\u0103, dup\u0103 \u00eencheierea mandatului, va r\u0103m\u00e2ne activ politic.<\/p>\n<p id=\"p-2\">\u201ePe mai departe, sigur, voi r\u0103m\u00e2ne, pentru c\u0103 am un mandat \u00een spate, am un vot \u00een Senat, am un sprijin din partea cet\u0103\u021benilor din jude\u021bul Bihor, sunt pre\u0219edintele Partidului Na\u021bional Liberal\u201d, a declarat acesta.<\/p>\n<p id=\"p-3\">Totodat\u0103, Bolojan a spus c\u0103 va continua s\u0103 lupte pentru \u201eo Rom\u00e2nie \u00een care munca este respectat\u0103\u201d.<\/p>\n<p id=\"p-4\">\u201eS\u0103 lupt\u0103m pentru Rom\u00e2nia modern\u0103, pentru Rom\u00e2nia \u00een care munca este respectat\u0103, o Rom\u00e2nie f\u0103r\u0103 sinecuri, f\u0103r\u0103 oameni care \u00ee\u0219i bat joc \u00een func\u021bii publice de cet\u0103\u021beni. O Rom\u00e2nie \u00een care, dac\u0103 munce\u0219ti \u0219i vrei s\u0103 te dezvol\u021bi, ai condi\u021bii pentru asta. Cred \u00een asta. \u0218i am v\u0103zut c\u0103 se poate face\u201d, a declarat premierul.<\/p>\n<p id=\"p-5\">Referindu-se la rela\u021bia PNL cu PSD, Ilie Bolojan a afirmat c\u0103, dac\u0103 mo\u021biunea va fi depus\u0103 \u0219i votat\u0103 cu sprijinul AUR, liberalii nu vor mai \u201esta la aceea\u0219i mas\u0103\u201d cu social-democra\u021bii.<\/p>\n<p id=\"p-6\">\u201e\u00cen situa\u021bia \u00een care se \u00eent\u00e2mpl\u0103 o astfel de situa\u021bie, o mo\u021biune PSD-AUR, a\u0219a cum se profileaz\u0103 c\u0103 s-ar \u00eent\u00e2mpla s\u0103pt\u0103m\u00e2na viitoare, nu va mai sta la aceea\u0219i mas\u0103 cu PSD\u201d, a spus premierul.<\/p>\n<p id=\"p-7\">Acesta a mai declarat c\u0103 partidul are \u201edou\u0103 drumuri\u201d: \u201eDrumul de a face ceva pentru \u021bara asta, pentru a moderniza Rom\u00e2nia. Sau cel confortabil, de a r\u0103m\u00e2ne o anex\u0103 a PSD. \u0218i nu va accepta acest lucru\u201d, a conchis Bolojan.<\/p>\n","protected":false},"excerpt":{"rendered":"<p>\u201eP\u00e2n\u0103 se va forma un alt guvern, voi asigura func\u021bionarea guvernului cu mandatul limitat, pentru c\u0103 asta trebuie s\u0103 faci atunci c\u00e2nd e\u0219ti pe o func\u021bie public\u0103. Voi ie\u0219i cu &hellip; <a href=\"https:\/\/microscopemedia.com\/?p=689609\" class=\"more-link\">Read More<\/a><\/p>\n","protected":false},"author":1,"featured_media":689610,"comment_status":"closed","ping_status":"closed","sticky":false,"template":"Default","format":"standard","meta":[],"categories":[1],"tags":[],"_links":{"self":[{"href":"https:\/\/microscopemedia.com\/index.php?rest_route=\/wp\/v2\/posts\/689609"}],"collection":[{"href":"https:\/\/microscopemedia.com\/index.php?rest_route=\/wp\/v2\/posts"}],"about":[{"href":"https:\/\/microscopemedia.com\/index.php?rest_route=\/wp\/v2\/types\/post"}],"author":[{"embeddable":true,"href":"https:\/\/microscopemedia.com\/index.php?rest_route=\/wp\/v2\/users\/1"}],"replies":[{"embeddable":true,"href":"https:\/\/microscopemedia.com\/index.php?rest_route=%2Fwp%2Fv2%2Fcomments&post=689609"}],"version-history":[{"count":0,"href":"https:\/\/microscopemedia.com\/index.php?rest_route=\/wp\/v2\/posts\/689609\/revisions"}],"wp:featuredmedia":[{"embeddable":true,"href":"https:\/\/microscopemedia.com\/index.php?rest_route=\/wp\/v2\/media\/689610"}],"wp:attachment":[{"href":"https:\/\/microscopemedia.com\/index.php?rest_route=%2Fwp%2Fv2%2Fmedia&parent=689609"}],"wp:term":[{"taxonomy":"category","embeddable":true,"href":"https:\/\/microscopemedia.com\/index.php?rest_route=%2Fwp%2Fv2%2Fcategories&post=689609"},{"taxonomy":"post_tag","embeddable":true,"href":"https:\/\/microscopemedia.com\/index.php?rest_route=%2Fwp%2Fv2%2Ftags&post=689609"}],"curies":[{"name":"wp","href":"https:\/\/api.w.org\/{rel}","templated":true}]}}