{"id":689613,"date":"2026-04-27T19:26:04","date_gmt":"2026-04-27T19:26:04","guid":{"rendered":"https:\/\/microscopemedia.com\/?p=689613"},"modified":"2026-04-27T19:26:04","modified_gmt":"2026-04-27T19:26:04","slug":"miruta-motiunea-asta-nu-este-despre-ilie-bolojan-e-despre-lupta-romaniei-de-a-nu-se-intoarce-in-90","status":"publish","type":"post","link":"https:\/\/microscopemedia.com\/?p=689613","title":{"rendered":"Miru\u021b\u0103: Mo\u021biunea asta nu este despre Ilie Bolojan. E despre lupta Rom\u00e2niei de a nu se \u00eentoarce \u00een 90"},"content":{"rendered":"<div><img decoding=\"async\" src=\"https:\/\/microscopemedia.com\/wp-content\/uploads\/2026\/04\/miruta-motiunea-asta-nu-este-despre-ilie-bolojan-e-despre-lupta-romaniei-de-a-nu-se-intoarce-in-90.jpg\" class=\"ff-og-image-inserted\"><\/div>\n<p id=\"p-0\">Radu Miru\u021b\u0103 a spus, luni, c\u0103 social-democra\u021bii care spun c\u0103 au aflat de la televizor planul depunerii mo\u021biunii de cenzur\u0103 au \u201eop\u021biunea s\u0103 se manifeste \u00een interiorul partidului, s\u0103 nu sus\u021bin\u0103 asta\u201d.<\/p>\n<p id=\"p-1\">Miru\u021b\u0103 afirm\u0103 c\u0103 a fost \u00een dou\u0103 ministere \u00een ultimele luni \u0219i a v\u0103zut \u201ec\u00e2t de mult loc este la v\u00e2rful statului de a se schimba lucrurile \u0219i de a se face cur\u0103\u021benie\u201d.<\/p>\n<p id=\"p-2\">\u201eMo\u021biunea asta nu este despre Ilie Bolojan. Este lupta Rom\u00e2niei de a nu se \u00eentoarce \u00eenapoi \u00een anii 90, c\u00e2nd zburau combina\u021biile prin toate col\u021burile cl\u0103dirilor statului \u0219i institu\u021biilor statului. Acolo suntem. Am intrat \u00een acest guvern, Ilie Bolojan a dus o politic\u0103 \u00een care mini\u0219trii care au vrut s\u0103 se ancoreze \u00een asta au f\u0103cut cur\u0103\u021benie. Am f\u0103cut cur\u0103\u021benie \u00eentr-o zi mai pu\u021bin, \u00een a doua zi mai mult, am \u00eenceput s\u0103 deranj\u0103m interese. Am continuat s\u0103 facem cur\u0103\u021benie, mul\u021bimea celor care au fost deranjate a \u00eenceput s\u0103 creasc\u0103. S-a ajuns s\u0103 usture la nivel de baz\u0103 de partid. Partidul Social-Democrat se str\u0103duie\u0219te s\u0103 opreasc\u0103 ducerea Rom\u00e2niei \u00eentr-o zon\u0103 de cur\u0103\u021benie. \u0218i face aceast\u0103 alian\u021b\u0103 cu AUR ast\u0103zi pentru a \u00eentoarce Rom\u00e2nia \u00een timp, \u00een loc de a \u00eempinge Rom\u00e2nia \u00eenainte\u201d, a spus Radu Miru\u021b\u0103 la B1 TV.<\/p>\n<p id=\"p-3\">Radu Miru\u021b\u0103 mai spune c\u0103 nu e vorba despre oameni, ci \u201eeste despre a nu l\u0103sa Rom\u00e2nia s\u0103 dep\u0103\u0219easc\u0103 o barier\u0103 de care a dat cu capul foarte mul\u021bi ani\u201d, pentru c\u0103 \u201eacolo suntem, la limit\u0103\u201d.<\/p>\n<p id=\"p-4\">\u201eAceast\u0103 echip\u0103 reformatoare reu\u0219e\u0219te izb\u00e2nda, sparge zidurile astea care au \u00eencorsetat \u021bara de 36 de ani de la Revolu\u021bie, ori cineva care s-a hr\u0103nit politic din a st\u0103p\u00e2ni aceast\u0103 \u021bar\u0103, cum este Partidul Social-Democrat, \u00ee\u0219i d\u0103 ultima suflare \u00eencerc\u00e2nd s\u0103 opreasc\u0103 spargerea acestor ziduri \u0219i atragerea \u00eenapoi \u00een curtea \u00een care ei pot s\u0103 controleze. Despre asta este vorba\u201d, a mai spus ministrul Ap\u0103r\u0103rii.<\/p>\n<p id=\"p-5\">Dar sunt ni\u0219te post\u0103ri. O postare interesant\u0103 pe care o face, o voce respectat\u0103 \u00een Rom\u00e2nia, e fica actorului Iamza Pellea, Oana Pellea e \u00eens\u0103\u0219i o actriz.<\/p>\n","protected":false},"excerpt":{"rendered":"<p>Radu Miru\u021b\u0103 a spus, luni, c\u0103 social-democra\u021bii care spun c\u0103 au aflat de la televizor planul depunerii mo\u021biunii de cenzur\u0103 au \u201eop\u021biunea s\u0103 se manifeste \u00een interiorul partidului, s\u0103 nu &hellip; <a href=\"https:\/\/microscopemedia.com\/?p=689613\" class=\"more-link\">Read More<\/a><\/p>\n","protected":false},"author":1,"featured_media":689614,"comment_status":"closed","ping_status":"closed","sticky":false,"template":"Default","format":"standard","meta":[],"categories":[1],"tags":[],"_links":{"self":[{"href":"https:\/\/microscopemedia.com\/index.php?rest_route=\/wp\/v2\/posts\/689613"}],"collection":[{"href":"https:\/\/microscopemedia.com\/index.php?rest_route=\/wp\/v2\/posts"}],"about":[{"href":"https:\/\/microscopemedia.com\/index.php?rest_route=\/wp\/v2\/types\/post"}],"author":[{"embeddable":true,"href":"https:\/\/microscopemedia.com\/index.php?rest_route=\/wp\/v2\/users\/1"}],"replies":[{"embeddable":true,"href":"https:\/\/microscopemedia.com\/index.php?rest_route=%2Fwp%2Fv2%2Fcomments&post=689613"}],"version-history":[{"count":0,"href":"https:\/\/microscopemedia.com\/index.php?rest_route=\/wp\/v2\/posts\/689613\/revisions"}],"wp:featuredmedia":[{"embeddable":true,"href":"https:\/\/microscopemedia.com\/index.php?rest_route=\/wp\/v2\/media\/689614"}],"wp:attachment":[{"href":"https:\/\/microscopemedia.com\/index.php?rest_route=%2Fwp%2Fv2%2Fmedia&parent=689613"}],"wp:term":[{"taxonomy":"category","embeddable":true,"href":"https:\/\/microscopemedia.com\/index.php?rest_route=%2Fwp%2Fv2%2Fcategories&post=689613"},{"taxonomy":"post_tag","embeddable":true,"href":"https:\/\/microscopemedia.com\/index.php?rest_route=%2Fwp%2Fv2%2Ftags&post=689613"}],"curies":[{"name":"wp","href":"https:\/\/api.w.org\/{rel}","templated":true}]}}