{"id":689615,"date":"2026-04-27T19:36:04","date_gmt":"2026-04-27T19:36:04","guid":{"rendered":"https:\/\/microscopemedia.com\/?p=689615"},"modified":"2026-04-27T19:36:04","modified_gmt":"2026-04-27T19:36:04","slug":"miruta-dezvaluie-cu-ce-a-deranjat-psd","status":"publish","type":"post","link":"https:\/\/microscopemedia.com\/?p=689615","title":{"rendered":"Miru\u021b\u0103 dezv\u0103luie cu ce a deranjat PSD"},"content":{"rendered":"<div><img decoding=\"async\" src=\"https:\/\/microscopemedia.com\/wp-content\/uploads\/2026\/04\/miruta-dezvaluie-cu-ce-a-deranjat-psd.jpg\" class=\"ff-og-image-inserted\"><\/div>\n<p id=\"p-0\">Invitat, luni seara, la B1 TV, Radu Miru\u021b\u0103 a dezv\u0103luit cu ce a deranjat Partidul Social Democrat:<\/p>\n<p id=\"p-1\">\u201eAm dat afar\u0103 21 de administratori, special de la Ministerul Economiei, \u0219i am trimis conducerea ROMARM la DNA. Mi-a f\u0103cut mo\u021biune simpl\u0103. A treia zi\u201d.<\/p>\n<p id=\"p-2\">Politicianul a declarat c\u0103 a v\u0103zut \u201ede propria piele ce \u00eenseamn\u0103 furia PSD c\u00e2nd le dai oameni afar\u0103\u201d.<\/p>\n<p id=\"p-3\">\u201eAjunsesem s\u0103 v\u0103d exact consecin\u021ba ac\u021biunii \u0219i reac\u021biunii \u00een func\u021bie de c\u00e2te interese din PSD sup\u0103ram. Dar ce vrea s\u0103 facem \u00een \u021bara asta? S\u0103 lu\u0103m \u021bara asta, s\u0103 o b\u0103g\u0103m \u00eentr-un bloc, s\u0103 lu\u0103m cheia de la apartament, s\u0103 o d\u0103m PSD-ului \u0219i s\u0103-i spunem PSD-ului f\u0103 ce vrei cu ea \u0219i \u00ee\u021bi cerem \u021bie voie c\u00e2nd scoatem capul pe geam \u0219i c\u00e2nd vrem s\u0103 facem cur\u0103\u021benie aici pentru c\u0103 tr\u0103ie\u0219ti \u0219i tu \u00een blocul \u0103sta. PSD trebuie s\u0103 \u00een\u021beleag\u0103 c\u0103 n-a luat dec\u00e2t 20% la alegeri\u201d, a mai spus ministrul Ap\u0103r\u0103rii.<\/p>\n","protected":false},"excerpt":{"rendered":"<p>Invitat, luni seara, la B1 TV, Radu Miru\u021b\u0103 a dezv\u0103luit cu ce a deranjat Partidul Social Democrat: \u201eAm dat afar\u0103 21 de administratori, special de la Ministerul Economiei, \u0219i am &hellip; <a href=\"https:\/\/microscopemedia.com\/?p=689615\" class=\"more-link\">Read More<\/a><\/p>\n","protected":false},"author":1,"featured_media":689616,"comment_status":"closed","ping_status":"closed","sticky":false,"template":"Default","format":"standard","meta":[],"categories":[1],"tags":[],"_links":{"self":[{"href":"https:\/\/microscopemedia.com\/index.php?rest_route=\/wp\/v2\/posts\/689615"}],"collection":[{"href":"https:\/\/microscopemedia.com\/index.php?rest_route=\/wp\/v2\/posts"}],"about":[{"href":"https:\/\/microscopemedia.com\/index.php?rest_route=\/wp\/v2\/types\/post"}],"author":[{"embeddable":true,"href":"https:\/\/microscopemedia.com\/index.php?rest_route=\/wp\/v2\/users\/1"}],"replies":[{"embeddable":true,"href":"https:\/\/microscopemedia.com\/index.php?rest_route=%2Fwp%2Fv2%2Fcomments&post=689615"}],"version-history":[{"count":0,"href":"https:\/\/microscopemedia.com\/index.php?rest_route=\/wp\/v2\/posts\/689615\/revisions"}],"wp:featuredmedia":[{"embeddable":true,"href":"https:\/\/microscopemedia.com\/index.php?rest_route=\/wp\/v2\/media\/689616"}],"wp:attachment":[{"href":"https:\/\/microscopemedia.com\/index.php?rest_route=%2Fwp%2Fv2%2Fmedia&parent=689615"}],"wp:term":[{"taxonomy":"category","embeddable":true,"href":"https:\/\/microscopemedia.com\/index.php?rest_route=%2Fwp%2Fv2%2Fcategories&post=689615"},{"taxonomy":"post_tag","embeddable":true,"href":"https:\/\/microscopemedia.com\/index.php?rest_route=%2Fwp%2Fv2%2Ftags&post=689615"}],"curies":[{"name":"wp","href":"https:\/\/api.w.org\/{rel}","templated":true}]}}