{"id":689621,"date":"2026-04-27T20:16:04","date_gmt":"2026-04-27T20:16:04","guid":{"rendered":"https:\/\/microscopemedia.com\/?p=689621"},"modified":"2026-04-27T20:16:04","modified_gmt":"2026-04-27T20:16:04","slug":"miruta-comparatie-intre-aur-cu-care-a-dat-jos-un-guvern-si-aur-care-vrea-sa-il-dea-jos-pe-bolojan","status":"publish","type":"post","link":"https:\/\/microscopemedia.com\/?p=689621","title":{"rendered":"Miru\u021b\u0103, compara\u021bie \u00eentre AUR cu care a dat jos un guvern \u0219i AUR care vrea s\u0103 \u00eel dea jos pe Bolojan"},"content":{"rendered":"<div><img decoding=\"async\" src=\"https:\/\/microscopemedia.com\/wp-content\/uploads\/2026\/04\/miruta-comparatie-intre-aur-cu-care-a-dat-jos-un-guvern-si-aur-care-vrea-sa-il-dea-jos-pe-bolojan.jpg\" class=\"ff-og-image-inserted\"><\/div>\n<p id=\"p-0\">Radu Miru\u021b\u0103 a vorbit, la B1 TV despre criticile privind mo\u021biunea pe care USR a depus-o \u00eempreun\u0103 cu AUR pentru a da jos Guverul C\u00ee\u021bu \u00een contrapondere cu mo\u021biunea de cenzur\u0103 PSD \u2013 AUR pentru a da jos Guverul Bolojan.<\/p>\n<p id=\"p-1\">\u201eS\u0103 \u0219ti\u021bi c\u0103 sunt lucruri foarte diferite. Atunci USR-ului \u00eei fuseser\u0103 da\u021bi afar\u0103 2-3 mini\u0219tri \u0219i erau pe banda rulant\u0103 \u201e\u00eempu\u0219ca\u021bi\u201d ca la jocurile de ra\u021bele \u0219i v\u00e2n\u0103torii. Partidului Social Democrat, premierul Bolojean nu-i dat niciun ministru afar\u0103, nu este nicio decizie \u00een acest guvern care a fost luat\u0103 f\u0103r\u0103 ca PSD s\u0103 fie de acord \u0219i mai e un aspect: AUR, \u00een vremea \u00een care s-a \u00eent\u00e2mplat, pe vremea premierului C\u00ee\u021bu, nu \u00ee\u0219i ar\u0103tase adev\u0103rat fa\u021b\u0103 cum \u0219i-a ar\u0103tat-o de atunci \u00eencoace\u201d, spune Miru\u021b\u0103.<\/p>\n<p id=\"p-2\">\u00centrebat dac\u0103 AUR-ul de atunci era mai frecventabil dec\u00e2t cel de acum, Miru\u021b\u0103 a spus c\u0103 nu \u201emai frecventabil\u201d, \u201edar nu era at\u00e2t de demonstrat \u00een rele, nu era at\u00e2t de demonstrat \u00een apropierea asta fa\u021b\u0103 de Federa\u021bia Rus\u0103, nu era at\u00e2t de demonstrat ca piedic\u0103 a Rom\u00e2niei \u00eenspre apropierea cu Uniunea European\u0103, cu Statele Unite. A f\u0103cut multe rele AUR de atunci p\u00e2n\u0103 acum pe drumul de dezvoltare a Rom\u00e2niei \u00eenspre Vest\u201d.<\/p>\n","protected":false},"excerpt":{"rendered":"<p>Radu Miru\u021b\u0103 a vorbit, la B1 TV despre criticile privind mo\u021biunea pe care USR a depus-o \u00eempreun\u0103 cu AUR pentru a da jos Guverul C\u00ee\u021bu \u00een contrapondere cu mo\u021biunea de &hellip; <a href=\"https:\/\/microscopemedia.com\/?p=689621\" class=\"more-link\">Read More<\/a><\/p>\n","protected":false},"author":1,"featured_media":689622,"comment_status":"closed","ping_status":"closed","sticky":false,"template":"Default","format":"standard","meta":[],"categories":[1],"tags":[],"_links":{"self":[{"href":"https:\/\/microscopemedia.com\/index.php?rest_route=\/wp\/v2\/posts\/689621"}],"collection":[{"href":"https:\/\/microscopemedia.com\/index.php?rest_route=\/wp\/v2\/posts"}],"about":[{"href":"https:\/\/microscopemedia.com\/index.php?rest_route=\/wp\/v2\/types\/post"}],"author":[{"embeddable":true,"href":"https:\/\/microscopemedia.com\/index.php?rest_route=\/wp\/v2\/users\/1"}],"replies":[{"embeddable":true,"href":"https:\/\/microscopemedia.com\/index.php?rest_route=%2Fwp%2Fv2%2Fcomments&post=689621"}],"version-history":[{"count":0,"href":"https:\/\/microscopemedia.com\/index.php?rest_route=\/wp\/v2\/posts\/689621\/revisions"}],"wp:featuredmedia":[{"embeddable":true,"href":"https:\/\/microscopemedia.com\/index.php?rest_route=\/wp\/v2\/media\/689622"}],"wp:attachment":[{"href":"https:\/\/microscopemedia.com\/index.php?rest_route=%2Fwp%2Fv2%2Fmedia&parent=689621"}],"wp:term":[{"taxonomy":"category","embeddable":true,"href":"https:\/\/microscopemedia.com\/index.php?rest_route=%2Fwp%2Fv2%2Fcategories&post=689621"},{"taxonomy":"post_tag","embeddable":true,"href":"https:\/\/microscopemedia.com\/index.php?rest_route=%2Fwp%2Fv2%2Ftags&post=689621"}],"curies":[{"name":"wp","href":"https:\/\/api.w.org\/{rel}","templated":true}]}}