{"id":689629,"date":"2026-04-27T21:16:04","date_gmt":"2026-04-27T21:16:04","guid":{"rendered":"https:\/\/microscopemedia.com\/?p=689629"},"modified":"2026-04-27T21:16:04","modified_gmt":"2026-04-27T21:16:04","slug":"casa-alba-va-revizui-securitatea-lui-trump-dupa-incidentul-de-la-cina-corespondentilor","status":"publish","type":"post","link":"https:\/\/microscopemedia.com\/?p=689629","title":{"rendered":"Casa Alb\u0103 va revizui securitatea lui Trump dup\u0103 incidentul de la Cina Coresponden\u021bilor"},"content":{"rendered":"<div><img decoding=\"async\" src=\"https:\/\/microscopemedia.com\/wp-content\/uploads\/2026\/04\/casa-alba-va-revizui-securitatea-lui-trump-dupa-incidentul-de-la-cina-corespondentilor.jpg\" class=\"ff-og-image-inserted\"><\/div>\n<p id=\"p-0\">Trump \u0219i-a exprimat sprijinul fa\u021b\u0103 de Serviciul Secret, care a ajuns \u00een centrul aten\u021biei dup\u0103 ce un suspect \u00eenarmat, Cole Tomas Allen, \u00een v\u00e2rst\u0103 de 31 de ani, a reu\u0219it s\u0103 se apropie de sala de bal \u00een care se aflau peste 2.000 de persoane, printre care Trump \u0219i membri ai cabinetului.<\/p>\n<p id=\"p-1\">Ofi\u021berii l-au imobilizat pe Allen, dar nu \u00eenainte ca un agent federal s\u0103 fie r\u0103nit \u00een timpul unui scurt schimb de focuri.<\/p>\n<p id=\"p-2\">Pre\u0219edintele SUA este a\u0219teptat s\u0103 participe la mai multe evenimente de mare anvergur\u0103 \u00een acest an, inclusiv la Cupa Mondial\u0103 \u0219i la evenimentele organizate cu ocazia celei de-a 250-a anivers\u0103ri a Statelor Unite, \u00een iulie.<\/p>\n<p id=\"p-3\">\u00centr-o declara\u021bie transmis\u0103<a href=\"https:\/\/www.bbc.com\/news\/articles\/cgj0j9439vlo\" target=\"_blank\" rel=\"noopener\"> BBC<\/a>, un \u00eenalt oficial al Casei Albe a afirmat c\u0103 pre\u0219edintele Trump \u201econsider\u0103 personal c\u0103 ei [Serviciul Secret] au f\u0103cut o treab\u0103 excelent\u0103\u201d neutraliz\u00e2nd suspectul \u0219i escort\u00e2ndu-l pe acesta \u0219i echipa sa \u00een siguran\u021b\u0103. Agentul purta o vest\u0103 antiglon\u021b \u0219i se a\u0219teapt\u0103 s\u0103 se recupereze complet.<\/p>\n<h2 id=\"chapter-0\">Protocolul \u0219i practicile, discutate<\/h2>\n<p id=\"p-4\">\u00cen ciuda acestei \u00eencrederi, oficialul a ad\u0103ugat c\u0103 \u0219efa de cabinet a Casei Albe, Susie Wiles, va organiza o \u00eent\u00e2lnire la \u00eenceputul acestei s\u0103pt\u0103m\u00e2ni cu personalul opera\u021bional \u0219i reprezentan\u021bii Serviciului Secret \u0219i ai Departamentului Securit\u0103\u021bii Interne pentru a \u201ediscuta protocolul \u0219i practicile\u201d pentru evenimentele majore la care particip\u0103 pre\u0219edintele.<\/p>\n<p id=\"p-5\">\u201e\u00cen cadrul \u00eent\u00e2lnirii se vor discuta procesele \u0219i procedurile care au func\u021bionat pentru a opri tentativa de s\u00e2mb\u0103t\u0103, explor\u00e2ndu-se \u00een acela\u0219i timp op\u021biuni suplimentare pentru a se asigura c\u0103 toate componentele relevante fac tot posibilul pentru a asigura securitatea numeroaselor evenimente majore planificate pentru pre\u0219edintele Trump \u00een lunile urm\u0103toare\u201d, a ad\u0103ugat oficialul.<\/p>\n<p id=\"p-6\">Vorbind luni cu reporterii la Casa Alb\u0103, secretara de pres\u0103 Karoline Leavitt a ap\u0103rat, de asemenea, ac\u021biunile Serviciului Secret, spun\u00e2nd c\u0103 \u201e\u0219i-au f\u0103cut treaba\u201d \u00eempiedic\u00e2nd suspectul s\u0103 intre \u00een sala de bal \u0219i escort\u00e2ndu-l pe Trump \u0219i pe al\u021bi oficiali \u00een siguran\u021b\u0103.<\/p>\n<p id=\"p-7\">Ea a ad\u0103ugat \u00eens\u0103 c\u0103 sunt posibile modific\u0103ri ale procedurilor de securitate. Orice modific\u0103ri nu vor fi f\u0103cute publice, pentru a evita ca poten\u021bialii atacatori s\u0103 afle care sunt acestea \u0219i s\u0103 g\u0103seasc\u0103 modalit\u0103\u021bi de a le ocoli.<\/p>\n<p id=\"p-8\">Leavitt a spus c\u0103 participarea pre\u0219edintelui la evenimente va fi analizat\u0103, dar c\u0103 acesta nu dore\u0219te ca actele de violen\u021b\u0103 s\u0103 \u201eschimbe modul nostru de via\u021b\u0103 american\u201d.<\/p>\n<p id=\"p-9\">Separat, senatorul din Iowa, Chuck Grassley, a declarat c\u0103 inten\u021bioneaz\u0103 s\u0103 organizeze o \u0219edin\u021b\u0103 cu conducerea Serviciului Secret pentru a discuta incidentul \u0219i protocoalele de securitate.<\/p>\n<p id=\"p-10\">Serviciul Secret al SUA este responsabil de protejarea pre\u0219edintelui, a vicepre\u0219edintelui \u0219i a \u0219efilor de stat str\u0103ini, precum \u0219i de evenimentele de mare anvergur\u0103 considerate riscuri pentru securitatea na\u021bional\u0103.<\/p>\n","protected":false},"excerpt":{"rendered":"<p>Trump \u0219i-a exprimat sprijinul fa\u021b\u0103 de Serviciul Secret, care a ajuns \u00een centrul aten\u021biei dup\u0103 ce un suspect \u00eenarmat, Cole Tomas Allen, \u00een v\u00e2rst\u0103 de 31 de ani, a reu\u0219it &hellip; <a href=\"https:\/\/microscopemedia.com\/?p=689629\" class=\"more-link\">Read More<\/a><\/p>\n","protected":false},"author":1,"featured_media":689630,"comment_status":"closed","ping_status":"closed","sticky":false,"template":"Default","format":"standard","meta":[],"categories":[1],"tags":[],"_links":{"self":[{"href":"https:\/\/microscopemedia.com\/index.php?rest_route=\/wp\/v2\/posts\/689629"}],"collection":[{"href":"https:\/\/microscopemedia.com\/index.php?rest_route=\/wp\/v2\/posts"}],"about":[{"href":"https:\/\/microscopemedia.com\/index.php?rest_route=\/wp\/v2\/types\/post"}],"author":[{"embeddable":true,"href":"https:\/\/microscopemedia.com\/index.php?rest_route=\/wp\/v2\/users\/1"}],"replies":[{"embeddable":true,"href":"https:\/\/microscopemedia.com\/index.php?rest_route=%2Fwp%2Fv2%2Fcomments&post=689629"}],"version-history":[{"count":0,"href":"https:\/\/microscopemedia.com\/index.php?rest_route=\/wp\/v2\/posts\/689629\/revisions"}],"wp:featuredmedia":[{"embeddable":true,"href":"https:\/\/microscopemedia.com\/index.php?rest_route=\/wp\/v2\/media\/689630"}],"wp:attachment":[{"href":"https:\/\/microscopemedia.com\/index.php?rest_route=%2Fwp%2Fv2%2Fmedia&parent=689629"}],"wp:term":[{"taxonomy":"category","embeddable":true,"href":"https:\/\/microscopemedia.com\/index.php?rest_route=%2Fwp%2Fv2%2Fcategories&post=689629"},{"taxonomy":"post_tag","embeddable":true,"href":"https:\/\/microscopemedia.com\/index.php?rest_route=%2Fwp%2Fv2%2Ftags&post=689629"}],"curies":[{"name":"wp","href":"https:\/\/api.w.org\/{rel}","templated":true}]}}