{"id":689639,"date":"2026-04-27T22:47:03","date_gmt":"2026-04-27T22:47:03","guid":{"rendered":"https:\/\/microscopemedia.com\/?p=689639"},"modified":"2026-04-27T22:47:03","modified_gmt":"2026-04-27T22:47:03","slug":"militantii-statului-islamic-au-ucis-cel-putin-29-de-persoane-intr-un-atac-asupra-unui-sat-din-nigeria","status":"publish","type":"post","link":"https:\/\/microscopemedia.com\/?p=689639","title":{"rendered":"Militan\u021bii Statului Islamic au ucis cel pu\u021bin 29 de persoane \u00eentr-un atac asupra unui sat din Nigeria"},"content":{"rendered":"<div><img decoding=\"async\" src=\"https:\/\/microscopemedia.com\/wp-content\/uploads\/2026\/04\/militantii-statului-islamic-au-ucis-cel-putin-29-de-persoane-intr-un-atac-asupra-unui-sat-din-nigeria.jpg\" class=\"ff-og-image-inserted\"><\/div>\n<p id=\"p-0\">Acesta a fost cel mai recent episod de violen\u021b\u0103 din cea mai populat\u0103 \u021bar\u0103 din Africa, care se confrunt\u0103 de mult timp cu o criz\u0103 complex\u0103 de securitate, relateaz\u0103 <a href=\"https:\/\/apnews.com\/article\/nigeria-islamic-state-group-militant-attack-ae39e5a296e69086b911e9e965801e1c\" target=\"_blank\" rel=\"noopener\">AP<\/a>.<\/p>\n<p id=\"p-1\">Atacul a avut loc duminic\u0103 seara \u00een Guyaku, un sat din zona administrativ\u0103 local\u0103 Gombi, din statul Adamawa, potrivit guvernatorului statului.<\/p>\n<p id=\"p-2\">Gruparea Statul Islamic \u0219i-a asumat responsabilitatea pentru atac \u00eentr-un mesaj postat pe Telegram.<\/p>\n<p id=\"p-3\">Guvernatorul statului Adamawa, Ahmadu Umaru Fintiri, a denun\u021bat atacul ca fiind tragic \u0219i inacceptabil \u00een timpul unei vizite efectuate luni \u00een sat.<\/p>\n<p id=\"p-4\">Comunit\u0103\u021bile rurale vulnerabile sunt \u021binta regulat\u0103 a atacurilor extremistilor islamici \u0219i a bandi\u021bilor, care profit\u0103 de vastele zone rurale ale Nigeriei \u0219i de lacunele de securitate.<\/p>\n<p id=\"p-5\">Printre cele mai proeminente grupuri militante islamice active \u00een Nigeria se num\u0103r\u0103 Boko Haram \u0219i fac\u021biunea sa separatist\u0103, afiliat\u0103 grup\u0103rii Statul Islamic \u0219i cunoscut\u0103 sub numele de Provincia Statului Islamic din Africa de Vest (ISWAP).<\/p>\n<p id=\"p-6\">Exist\u0103, de asemenea, gruparea Lakurawa, legat\u0103 de IS, precum \u0219i alte grupuri de \u201ebandi\u021bi\u201d specializate \u00een r\u0103piri pentru r\u0103scump\u0103rare \u0219i exploatare minier\u0103 ilegal\u0103.<\/p>\n","protected":false},"excerpt":{"rendered":"<p>Acesta a fost cel mai recent episod de violen\u021b\u0103 din cea mai populat\u0103 \u021bar\u0103 din Africa, care se confrunt\u0103 de mult timp cu o criz\u0103 complex\u0103 de securitate, relateaz\u0103 AP. &hellip; <a href=\"https:\/\/microscopemedia.com\/?p=689639\" class=\"more-link\">Read More<\/a><\/p>\n","protected":false},"author":1,"featured_media":689640,"comment_status":"closed","ping_status":"closed","sticky":false,"template":"Default","format":"standard","meta":[],"categories":[1],"tags":[],"_links":{"self":[{"href":"https:\/\/microscopemedia.com\/index.php?rest_route=\/wp\/v2\/posts\/689639"}],"collection":[{"href":"https:\/\/microscopemedia.com\/index.php?rest_route=\/wp\/v2\/posts"}],"about":[{"href":"https:\/\/microscopemedia.com\/index.php?rest_route=\/wp\/v2\/types\/post"}],"author":[{"embeddable":true,"href":"https:\/\/microscopemedia.com\/index.php?rest_route=\/wp\/v2\/users\/1"}],"replies":[{"embeddable":true,"href":"https:\/\/microscopemedia.com\/index.php?rest_route=%2Fwp%2Fv2%2Fcomments&post=689639"}],"version-history":[{"count":0,"href":"https:\/\/microscopemedia.com\/index.php?rest_route=\/wp\/v2\/posts\/689639\/revisions"}],"wp:featuredmedia":[{"embeddable":true,"href":"https:\/\/microscopemedia.com\/index.php?rest_route=\/wp\/v2\/media\/689640"}],"wp:attachment":[{"href":"https:\/\/microscopemedia.com\/index.php?rest_route=%2Fwp%2Fv2%2Fmedia&parent=689639"}],"wp:term":[{"taxonomy":"category","embeddable":true,"href":"https:\/\/microscopemedia.com\/index.php?rest_route=%2Fwp%2Fv2%2Fcategories&post=689639"},{"taxonomy":"post_tag","embeddable":true,"href":"https:\/\/microscopemedia.com\/index.php?rest_route=%2Fwp%2Fv2%2Ftags&post=689639"}],"curies":[{"name":"wp","href":"https:\/\/api.w.org\/{rel}","templated":true}]}}