{"id":689649,"date":"2026-04-28T03:26:03","date_gmt":"2026-04-28T03:26:03","guid":{"rendered":"https:\/\/microscopemedia.com\/?p=689649"},"modified":"2026-04-28T03:26:03","modified_gmt":"2026-04-28T03:26:03","slug":"presedintele-serbiei-crede-ca-romania-ar-putea-cadea-sub-influenta-predominanta-a-sua-vucic-despre-aderarea-romaniei-si-bulgariei-la-ue-indeplineau-toate-cerintele-nu-es","status":"publish","type":"post","link":"https:\/\/microscopemedia.com\/?p=689649","title":{"rendered":"Pre\u0219edintele Serbiei crede c\u0103 Rom\u00e2nia ar putea c\u0103dea \u201esub influen\u021ba predominant\u0103\u201d a SUA. Vucic, despre aderarea Rom\u00e2niei \u0219i Bulgariei la UE: \u201e\u00cendeplineau toate cerin\u021bele? Nu este cazul\u201d"},"content":{"rendered":"<div><img decoding=\"async\" src=\"https:\/\/microscopemedia.com\/wp-content\/uploads\/2026\/04\/presedintele-serbiei-crede-ca-romania-ar-putea-cadea-sub-influenta-predominanta-a-sua-vucic-despre-aderarea-romaniei-si-bulgariei-la-ue-indeplineau-toate-cerintele-nu-es.jpg\" class=\"ff-og-image-inserted\"><\/div>\n<p id=\"p-0\">Vu\u010di\u0107 a spus c\u0103 Washingtonul ar putea ajunge s\u0103 exercite o influen\u021b\u0103 predominant\u0103 asupra unor state est-europene, f\u0103r\u0103 ca acestea s\u0103 fie formal \u201esub controlul\u201d SUA.<\/p>\n<p id=\"p-1\">\u201eCred c\u0103 America \u00ee\u0219i va construi propria structur\u0103, lu\u00e2nd cinci p\u00e2n\u0103 la zece \u021b\u0103ri din Europa, \u00een principal din Europa de Est, nu sub controlul lor, dar sub influen\u021ba predominant\u0103 a Statelor Unite ale Americii, cre\u00e2nd probleme pentru Uniunea European\u0103\u201d, a spus Vu\u010di\u0107.<\/p>\n<p id=\"p-2\">\u00centrebat dac\u0103 se refer\u0103 la o posibil\u0103 desprindere a unor \u021b\u0103ri din Est de nucleul vest-european al UE, pre\u0219edintele Serbiei a confirmat: \u201eDa\u201d. El a invocat apoi Polonia, Rom\u00e2nia \u0219i Bulgaria, afirm\u00e2nd c\u0103 americanii ar putea discuta cu \u201eo structur\u0103 \u00een Polonia\u201d, \u201ealta \u00een Rom\u00e2nia\u201d \u0219i \u201ealta \u00een Bulgaria\u201d, ceea ce ar face mai dificil pentru europeni s\u0103 men\u021bin\u0103 coeziunea politic\u0103.<\/p>\n<p><iframe title=\"YouTube video player\" src=\"https:\/\/www.youtube.com\/embed\/NUHJb96m5ec?si=9NgcwATkWCprSp-x&amp;start=1697\" width=\"560\" height=\"315\" frameborder=\"0\" allowfullscreen=\"allowfullscreen\" rel=\"lazyframe\" loading=\"lazy\">[embedded content]<\/iframe><\/p>\n<h2 id=\"chapter-0\">Serbia cere integrarea tuturor statelor candidate \u00een pia\u021ba unic\u0103<\/h2>\n<p id=\"p-3\">Declara\u021bia a fost f\u0103cut\u0103 \u00een contextul \u00een care Vu\u010di\u0107 sus\u021bine accelerarea integr\u0103rii statelor candidate \u00een pia\u021ba unic\u0103 european\u0103. El a reluat ideea promovat\u0103 \u00eempreun\u0103 cu premierul Albaniei, Edi Rama: acces mai rapid la pia\u021ba comun\u0103 \u0219i la spa\u021biul Schengen pentru \u021b\u0103rile candidate preg\u0103tite, f\u0103r\u0103 ca acestea s\u0103 cear\u0103 imediat drept de veto, comisari europeni sau locuri \u00een Parlamentul European. Propunerea Vu\u010di\u0107\u2013Rama a fost prezentat\u0103 public \u00eentr-un text comun relatat la sf\u00e2r\u0219itul lunii februarie.<\/p>\n<p id=\"p-4\">Liderul de la Belgrad a argumentat c\u0103 primirea doar a unor \u021b\u0103ri precum Muntenegru sau Moldova, f\u0103r\u0103 Serbia, \u201enu are sens\u201d, pled\u00e2nd pentru o abordare de pachet \u00een cazul statelor candidate. Serbia este stat candidat la UE din 2012, iar negocierile de aderare au \u00eenceput \u00een ianuarie 2014; potrivit Consiliului UE, 22 de capitole de negociere au fost deschise p\u00e2n\u0103 acum.<\/p>\n<h2 id=\"chapter-1\">Vucic, despre aderarea Rom\u00e2niei \u0219i Bulgariei la UE: \u00cendeplineau ele toate cerin\u021bele?<\/h2>\n<p id=\"p-5\">\u00cen interviu, Vu\u010di\u0107 a criticat \u0219i reticen\u021ba marilor puteri europene fa\u021b\u0103 de extindere, suger\u00e2nd c\u0103 lipsa unei decizii rapide ar fi \u201eo mare gre\u0219eal\u0103 strategic\u0103\u201d. El a f\u0103cut o compara\u021bie cu aderarea Rom\u00e2niei \u0219i Bulgariei, sus\u021bin\u00e2nd c\u0103 acestea nu ar fi \u00eendeplinit toate cerin\u021bele la momentul intr\u0103rii \u00een UE. \u00cen acela\u0219i pasaj, Vu\u010di\u0107 a indicat gre\u0219it anul ader\u0103rii, vorbind despre 2004; Rom\u00e2nia \u0219i Bulgaria au devenit membre ale Uniunii Europene la 1 ianuarie 2007.<\/p>\n<p id=\"p-6\">\u201eCred c\u0103 era 2004 c\u00e2nd Rom\u00e2nia \u0219i Bulgaria au aderat la Uniunea European\u0103. \u00cendeplineau ele toate cerin\u021bele, toate solicit\u0103rile, chiar \u0219i ast\u0103zi? Nu este cazul\u201d, a afirmat pre\u0219edintele Serbiei.<\/p>\n<h2 id=\"chapter-2\">\u201eO mare gre\u0219eal\u0103 strategic\u0103\u201d<\/h2>\n<p id=\"p-7\">\u00centrebat dac\u0103 marile puteri europene \u00ee\u0219i doresc cu adev\u0103rat continuarea extinderii Uniunii Europene, Vu\u010di\u0107 a spus c\u0103 blocarea procesului ar fi o eroare major\u0103.<\/p>\n<p id=\"p-8\">\u201eDac\u0103 nu vor, fac o mare gre\u0219eal\u0103 strategic\u0103\u201d, a declarat el.<\/p>\n<p id=\"p-9\">Pre\u0219edintele Serbiei a ad\u0103ugat c\u0103 sper\u0103 s\u0103 existe o schimbare de abordare \u00een capitalele europene importante.<\/p>\n<p id=\"p-10\">\u201eSper c\u0103 exist\u0103, pentru prima dat\u0103 dup\u0103 mul\u021bi ani, o anumit\u0103 \u00een\u021belegere \u00een Italia, Fran\u021ba \u0219i Germania. Asta cred. Dar nu sunt sigur\u201d, a spus Vu\u010di\u0107.<\/p>\n<h2 id=\"chapter-3\">Vu\u010di\u0107 respinge acuza\u021biile c\u0103 Serbia ar fi \u201emarioneta Rusiei\u201d<\/h2>\n<p id=\"p-11\">\u00cen acela\u0219i interviu, liderul de la Belgrad a respins acuza\u021biile potrivit c\u0103rora Serbia ar fi apropiat\u0103 excesiv de Moscova \u0219i a criticat modul \u00een care Occidentul prezint\u0103 Rusia. \u00centrebat despre rela\u021bia Serbiei cu Rusia, Vu\u010di\u0107 a spus c\u0103 Occidentul se descrie drept \u201eun far al democra\u021biei\u201d, \u00een timp ce Rusia este tratat\u0103 drept \u201eun far al r\u0103ului\u201d, o abordare pe care a calificat-o drept fals\u0103.<\/p>\n<p id=\"p-12\">\u201eExist\u0103 nuan\u021be, multe nuan\u021be de gri. Nu totul este alb \u0219i negru\u201d, a spus Vu\u010di\u0107.<\/p>\n<p id=\"p-13\">Pre\u0219edintele Serbiei a legat pozi\u021bia publicului s\u00e2rb fa\u021b\u0103 de Rusia de bombardamentele NATO din 1999 \u0219i de statutul Kosovo. El a acuzat statele occidentale c\u0103 au schimbat frontierele Serbiei, iar acest precedent ar fi fost observat ulterior \u0219i de alte state.<\/p>\n<p id=\"p-14\">\u201eMul\u021bi oameni din lume au \u00eenceput s\u0103 fac\u0103 lucruri \u00eempotriva na\u021biunilor suverane \u0219i s\u0103 schimbe grani\u021be pentru c\u0103 au v\u0103zut c\u0103 voi ne-a\u021bi schimbat grani\u021bele\u201d, a afirmat Vu\u010di\u0107.<\/p>\n","protected":false},"excerpt":{"rendered":"<p>Vu\u010di\u0107 a spus c\u0103 Washingtonul ar putea ajunge s\u0103 exercite o influen\u021b\u0103 predominant\u0103 asupra unor state est-europene, f\u0103r\u0103 ca acestea s\u0103 fie formal \u201esub controlul\u201d SUA. \u201eCred c\u0103 America \u00ee\u0219i &hellip; <a href=\"https:\/\/microscopemedia.com\/?p=689649\" class=\"more-link\">Read More<\/a><\/p>\n","protected":false},"author":1,"featured_media":689650,"comment_status":"closed","ping_status":"closed","sticky":false,"template":"Default","format":"standard","meta":[],"categories":[1],"tags":[],"_links":{"self":[{"href":"https:\/\/microscopemedia.com\/index.php?rest_route=\/wp\/v2\/posts\/689649"}],"collection":[{"href":"https:\/\/microscopemedia.com\/index.php?rest_route=\/wp\/v2\/posts"}],"about":[{"href":"https:\/\/microscopemedia.com\/index.php?rest_route=\/wp\/v2\/types\/post"}],"author":[{"embeddable":true,"href":"https:\/\/microscopemedia.com\/index.php?rest_route=\/wp\/v2\/users\/1"}],"replies":[{"embeddable":true,"href":"https:\/\/microscopemedia.com\/index.php?rest_route=%2Fwp%2Fv2%2Fcomments&post=689649"}],"version-history":[{"count":0,"href":"https:\/\/microscopemedia.com\/index.php?rest_route=\/wp\/v2\/posts\/689649\/revisions"}],"wp:featuredmedia":[{"embeddable":true,"href":"https:\/\/microscopemedia.com\/index.php?rest_route=\/wp\/v2\/media\/689650"}],"wp:attachment":[{"href":"https:\/\/microscopemedia.com\/index.php?rest_route=%2Fwp%2Fv2%2Fmedia&parent=689649"}],"wp:term":[{"taxonomy":"category","embeddable":true,"href":"https:\/\/microscopemedia.com\/index.php?rest_route=%2Fwp%2Fv2%2Fcategories&post=689649"},{"taxonomy":"post_tag","embeddable":true,"href":"https:\/\/microscopemedia.com\/index.php?rest_route=%2Fwp%2Fv2%2Ftags&post=689649"}],"curies":[{"name":"wp","href":"https:\/\/api.w.org\/{rel}","templated":true}]}}