{"id":689657,"date":"2026-04-28T04:46:04","date_gmt":"2026-04-28T04:46:04","guid":{"rendered":"https:\/\/microscopemedia.com\/?p=689657"},"modified":"2026-04-28T04:46:04","modified_gmt":"2026-04-28T04:46:04","slug":"politico-regele-charles-va-pleda-pentru-un-parteneriat-puternic-sua-marea-britanie-in-discursul-sau-adresat-congresului","status":"publish","type":"post","link":"https:\/\/microscopemedia.com\/?p=689657","title":{"rendered":"POLITICO: Regele Charles va pleda pentru un parteneriat puternic SUA-Marea Britanie \u00een discursul s\u0103u adresat Congresului"},"content":{"rendered":"<div><img decoding=\"async\" src=\"https:\/\/microscopemedia.com\/wp-content\/uploads\/2026\/04\/politico-regele-charles-va-pleda-pentru-un-parteneriat-puternic-sua-marea-britanie-in-discursul-sau-adresat-congresului.jpg\" class=\"ff-og-image-inserted\"><\/div>\n<p id=\"p-0\">Regele Charles al III-lea al Marii Britanii se afl\u0103 \u00een aceast\u0103 s\u0103pt\u0103m\u00e2n\u0103 \u00eentr-o vizit\u0103 oficial\u0103 \u00een SUA. El va sus\u021bine un discurs \u00een fa\u021ba Congresului american \u0219i va profita de acest lucru pentru a contribui la refacerea \u201erela\u021biei speciale\u201d dintre cele dou\u0103 \u021b\u0103ri, rela\u021bie care a fost tensionat\u0103 odat\u0103 cu r\u0103zboiul lansat de SUA \u00eempotriva Iranului.<\/p>\n<p id=\"p-1\">Potrivit <span><a href=\"https:\/\/www.politico.com\/live-updates\/2026\/04\/27\/congress\/what-king-charles-will-tell-congress-00894459\" target=\"_blank\" rel=\"noopener\">POLITICO<\/a><\/span>, care citeaz\u0103 consilieri regali, monarhul britanic inten\u021bioneaz\u0103 s\u0103 pun\u0103 accentul pe \u201ereconciliere \u0219i re\u00eennoire\u201d \u00een discursul pe care \u00eel va avea mar\u021bi, estimat s\u0103 aib\u0103 aproximativ 20 de minute.<\/p>\n<p id=\"p-2\">Monarhul britanic va face referire, \u00een discursul s\u0103u, \u0219i la interesele comune de securitate na\u021bional\u0103 ale SUA \u0219i Regatului Unit, inclusiv NATO, Orientul Mijlociu, Ucraina \u0219i pactul trilateral AUKUS cu Australia.<\/p>\n<h2 id=\"chapter-0\">Rela\u021bia SUA-Marea Britanie, tensionat\u0103 \u00een contextul r\u0103zboiului din Orientul Mijlociu<\/h2>\n<p id=\"p-3\">Regele Charles va celebra \u201euna dintre cele mai mari alian\u021be din istorie\u201d, de\u0219i cooperarea dintre SUA \u0219i Marea Britanie a fost pus\u0103 la \u00eencercare odat\u0103 cu r\u0103zboiul din Orientul Mijlociu. Pre\u0219edintele american Donald Trump a cerut at\u00e2t Marii Britanii, c\u00e2t \u0219i altor alia\u021bi NATO, s\u0103 ofere asisten\u021b\u0103 atacurilor lansate de SUA \u00eempotriva Iranului, \u00eens\u0103 acestea au fost reticente \u00een a face acest lucru.<\/p>\n<p id=\"p-4\">La \u00eenceputul lunii aprilie, Trump a subliniat, \u00eentr-o interven\u021bie televizat\u0103, c\u0103 rela\u021bia sa cu premierul britanic Keir Starmer \u201enu este deloc bun\u0103\u201d.<\/p>\n<p id=\"p-5\">\u00cen cadrul discursului de mar\u021bi, se a\u0219teapt\u0103 ca regele Charles s\u0103 recunoasc\u0103 aceast\u0103 tensiune, men\u021bion\u00e2nd c\u0103 de\u0219i cele dou\u0103 na\u021biuni nu au fost \u00eentotdeauna pe aceea\u0219i lungime de und\u0103, \u201ede fiecare dat\u0103, cele dou\u0103 \u021b\u0103ri ale noastre au g\u0103sit \u00eentotdeauna modalit\u0103\u021bi de a se \u00eemp\u0103ca\u201d.<\/p>\n<p id=\"p-6\">Consilierii regali au declarat faptul c\u0103 discursul regelui va include \u0219i un scurt mesaj de condolean\u021be dup\u0103 incidentul armat de s\u00e2mb\u0103t\u0103 de la Cina Coresponden\u021bilor de la Casa Alb\u0103.<\/p>\n<p id=\"p-7\">Trump \u0219i regele Charles vor avea o \u00eent\u00e2lnire privat\u0103 mar\u021bi, \u00eenainte ca regele s\u0103 \u021bin\u0103 un discurs \u00een fa\u021ba Congresului \u00een cursul dup\u0103-amiezii, noteaz\u0103 <a href=\"https:\/\/www.nytimes.com\/2026\/04\/27\/us\/politics\/king-charles-congress-address.html\" target=\"_blank\" rel=\"noopener\">The New York Times<\/a>.<\/p>\n","protected":false},"excerpt":{"rendered":"<p>Regele Charles al III-lea al Marii Britanii se afl\u0103 \u00een aceast\u0103 s\u0103pt\u0103m\u00e2n\u0103 \u00eentr-o vizit\u0103 oficial\u0103 \u00een SUA. El va sus\u021bine un discurs \u00een fa\u021ba Congresului american \u0219i va profita de &hellip; <a href=\"https:\/\/microscopemedia.com\/?p=689657\" class=\"more-link\">Read More<\/a><\/p>\n","protected":false},"author":1,"featured_media":689658,"comment_status":"closed","ping_status":"closed","sticky":false,"template":"Default","format":"standard","meta":[],"categories":[1],"tags":[],"_links":{"self":[{"href":"https:\/\/microscopemedia.com\/index.php?rest_route=\/wp\/v2\/posts\/689657"}],"collection":[{"href":"https:\/\/microscopemedia.com\/index.php?rest_route=\/wp\/v2\/posts"}],"about":[{"href":"https:\/\/microscopemedia.com\/index.php?rest_route=\/wp\/v2\/types\/post"}],"author":[{"embeddable":true,"href":"https:\/\/microscopemedia.com\/index.php?rest_route=\/wp\/v2\/users\/1"}],"replies":[{"embeddable":true,"href":"https:\/\/microscopemedia.com\/index.php?rest_route=%2Fwp%2Fv2%2Fcomments&post=689657"}],"version-history":[{"count":0,"href":"https:\/\/microscopemedia.com\/index.php?rest_route=\/wp\/v2\/posts\/689657\/revisions"}],"wp:featuredmedia":[{"embeddable":true,"href":"https:\/\/microscopemedia.com\/index.php?rest_route=\/wp\/v2\/media\/689658"}],"wp:attachment":[{"href":"https:\/\/microscopemedia.com\/index.php?rest_route=%2Fwp%2Fv2%2Fmedia&parent=689657"}],"wp:term":[{"taxonomy":"category","embeddable":true,"href":"https:\/\/microscopemedia.com\/index.php?rest_route=%2Fwp%2Fv2%2Fcategories&post=689657"},{"taxonomy":"post_tag","embeddable":true,"href":"https:\/\/microscopemedia.com\/index.php?rest_route=%2Fwp%2Fv2%2Ftags&post=689657"}],"curies":[{"name":"wp","href":"https:\/\/api.w.org\/{rel}","templated":true}]}}