{"id":689673,"date":"2026-04-28T06:26:03","date_gmt":"2026-04-28T06:26:03","guid":{"rendered":"https:\/\/microscopemedia.com\/?p=689673"},"modified":"2026-04-28T06:26:03","modified_gmt":"2026-04-28T06:26:03","slug":"marea-britanie-vrea-sa-limiteze-accesul-copiilor-sub-16-ani-la-retelele-sociale-cand-ar-urma-sa-intre-in-vigoare","status":"publish","type":"post","link":"https:\/\/microscopemedia.com\/?p=689673","title":{"rendered":"Marea Britanie vrea s\u0103 limiteze accesul copiilor sub 16 ani la re\u021belele sociale. C\u00e2nd ar urma s\u0103 intre \u00een vigoare"},"content":{"rendered":"<div><img decoding=\"async\" src=\"https:\/\/microscopemedia.com\/wp-content\/uploads\/2026\/04\/marea-britanie-vrea-sa-limiteze-accesul-copiilor-sub-16-ani-la-retelele-sociale-cand-ar-urma-sa-intre-in-vigoare.jpg\" class=\"ff-og-image-inserted\"><\/div>\n<p id=\"p-0\">Anun\u021bul a fost f\u0103cut \u00een Parlament de ministrul educa\u021biei, Olivia Bailey, care a declarat c\u0103 autorit\u0103\u021bile vor implementa o form\u0103 de limitare de v\u00e2rst\u0103 sau de func\u021bionalitate pentru accesul minorilor la re\u021belele sociale, scrie <a href=\"https:\/\/news.sky.com\/story\/social-media-ban-minister-says-some-form-of-age-limit-or-restriction-will-be-brought-in-13537420\" target=\"_blank\" rel=\"noopener\">Sky News<\/a>.<\/p>\n<p id=\"p-1\">Decizia vine dup\u0103 ce Camera Lorzilor a sus\u021binut, pentru a patra oar\u0103, o propunere de interzicere total\u0103 a re\u021belelor sociale pentru persoanele sub 16 ani. Totu\u0219i, membrii Camerei Comunelor au respins anterior proiectul, argument\u00e2nd c\u0103 este necesar\u0103 finalizarea unei consult\u0103ri publice \u00eenainte de adoptarea unei m\u0103suri definitive.<\/p>\n<p id=\"p-2\">Potrivit oficialilor britanici, guvernul nu mai discut\u0103 dac\u0103 vor fi aplicate restric\u021bii, ci doar forma exact\u0103 pe care acestea o vor lua. Olivia Bailey a precizat c\u0103 executivul dore\u0219te s\u0103 introduc\u0103 o obliga\u021bie legal\u0103 pentru secretarul de stat, astfel \u00eenc\u00e2t m\u0103surile s\u0103 devin\u0103 obligatorii dup\u0103 finalizarea consult\u0103rii.<\/p>\n<p id=\"p-3\">Autorit\u0103\u021bile sus\u021bin c\u0103 au analizat opiniile exprimate de p\u0103rin\u021bi, profesori \u0219i organiza\u021bii care lucreaz\u0103 cu copii. Mii de persoane au participat la consultare, iar guvernul consider\u0103 c\u0103 actualul mod de func\u021bionare al platformelor sociale nu mai ofer\u0103 suficient\u0103 protec\u021bie pentru minori.<\/p>\n<p id=\"p-4\">\u00cen plus, ministrul educa\u021biei a transmis c\u0103 se iau \u00een calcul \u0219i m\u0103suri suplimentare, precum limitarea accesului la platforme \u00een anumite intervale orare. Aceste eventuale restric\u021bii digitale ar putea limita folosirea aplica\u021biilor \u00een timpul nop\u021bii sau \u00een perioade considerate nepotrivite pentru copii.<\/p>\n<h2 id=\"chapter-0\">Model interna\u021bional<\/h2>\n<p id=\"p-5\">Propunerea este sus\u021binut\u0103 puternic de Partidul Conservator, care solicit\u0103 de mai multe luni m\u0103suri ferme pentru reducerea expunerii copiilor la con\u021binut considerat nociv. Secretarul educa\u021biei din umbr\u0103, Laura Trott, a declarat c\u0103 votul din Camera Lorzilor reprezint\u0103 un pas uria\u0219 pentru siguran\u021ba copiilor.<\/p>\n<p id=\"p-6\">Dac\u0103 m\u0103surile vor fi adoptate, Regatul Unit ar urma exemplul Australiei, care a anun\u021bat deja restric\u021bii similare pentru accesul minorilor la social media. Alte state europene, precum Fran\u021ba \u0219i Spania, analizeaz\u0103 la r\u00e2ndul lor m\u0103suri asem\u0103n\u0103toare.<\/p>\n<h2 id=\"chapter-1\">Decizie a\u0219teptat\u0103 p\u00e2n\u0103 la finalul anului<\/h2>\n<p id=\"p-7\">Oficialii guvernamentali au transmis c\u0103 o hot\u0103r\u00e2re final\u0103 ar putea fi adoptat\u0103 p\u00e2n\u0103 la sf\u00e2r\u0219itul anului, dup\u0103 \u00eencheierea consult\u0103rii publice. Ministrul mediului, Emma Reynolds, a precizat c\u0103 autorit\u0103\u021bile vor ac\u021biona relativ rapid dup\u0103 publicarea concluziilor.<\/p>\n<p id=\"p-8\">M\u0103surile discutate reflect\u0103 o preocupare tot mai mare la nivel european privind efectele utiliz\u0103rii excesive a re\u021belelor sociale asupra s\u0103n\u0103t\u0103\u021bii mintale \u0219i dezvolt\u0103rii copiilor. Speciali\u0219tii avertizeaz\u0103 c\u0103 accesul necontrolat la platforme digitale poate cre\u0219te riscul de expunere la con\u021binut violent, bullying online \u0219i dependen\u021b\u0103 de tehnologie.<\/p>\n","protected":false},"excerpt":{"rendered":"<p>Anun\u021bul a fost f\u0103cut \u00een Parlament de ministrul educa\u021biei, Olivia Bailey, care a declarat c\u0103 autorit\u0103\u021bile vor implementa o form\u0103 de limitare de v\u00e2rst\u0103 sau de func\u021bionalitate pentru accesul minorilor &hellip; <a href=\"https:\/\/microscopemedia.com\/?p=689673\" class=\"more-link\">Read More<\/a><\/p>\n","protected":false},"author":1,"featured_media":689674,"comment_status":"closed","ping_status":"closed","sticky":false,"template":"Default","format":"standard","meta":[],"categories":[1],"tags":[],"_links":{"self":[{"href":"https:\/\/microscopemedia.com\/index.php?rest_route=\/wp\/v2\/posts\/689673"}],"collection":[{"href":"https:\/\/microscopemedia.com\/index.php?rest_route=\/wp\/v2\/posts"}],"about":[{"href":"https:\/\/microscopemedia.com\/index.php?rest_route=\/wp\/v2\/types\/post"}],"author":[{"embeddable":true,"href":"https:\/\/microscopemedia.com\/index.php?rest_route=\/wp\/v2\/users\/1"}],"replies":[{"embeddable":true,"href":"https:\/\/microscopemedia.com\/index.php?rest_route=%2Fwp%2Fv2%2Fcomments&post=689673"}],"version-history":[{"count":0,"href":"https:\/\/microscopemedia.com\/index.php?rest_route=\/wp\/v2\/posts\/689673\/revisions"}],"wp:featuredmedia":[{"embeddable":true,"href":"https:\/\/microscopemedia.com\/index.php?rest_route=\/wp\/v2\/media\/689674"}],"wp:attachment":[{"href":"https:\/\/microscopemedia.com\/index.php?rest_route=%2Fwp%2Fv2%2Fmedia&parent=689673"}],"wp:term":[{"taxonomy":"category","embeddable":true,"href":"https:\/\/microscopemedia.com\/index.php?rest_route=%2Fwp%2Fv2%2Fcategories&post=689673"},{"taxonomy":"post_tag","embeddable":true,"href":"https:\/\/microscopemedia.com\/index.php?rest_route=%2Fwp%2Fv2%2Ftags&post=689673"}],"curies":[{"name":"wp","href":"https:\/\/api.w.org\/{rel}","templated":true}]}}