{"id":689675,"date":"2026-04-28T06:36:03","date_gmt":"2026-04-28T06:36:03","guid":{"rendered":"https:\/\/microscopemedia.com\/?p=689675"},"modified":"2026-04-28T06:36:03","modified_gmt":"2026-04-28T06:36:03","slug":"fifor-il-acuza-pe-bolojan-ca-mentine-o-criza-politica-un-lider-care-cu-buna-stiinta-vulnerabilizeaza-tara","status":"publish","type":"post","link":"https:\/\/microscopemedia.com\/?p=689675","title":{"rendered":"Fifor \u00eel acuz\u0103 pe Bolojan c\u0103 men\u021bine o criz\u0103 politic\u0103: \u201eUn lider care, cu bun\u0103 \u0219tiin\u021b\u0103, vulnerabilizeaz\u0103 \u021bara\u201d"},"content":{"rendered":"<div><img decoding=\"async\" src=\"https:\/\/microscopemedia.com\/wp-content\/uploads\/2026\/04\/fifor-il-acuza-pe-bolojan-ca-mentine-o-criza-politica-un-lider-care-cu-buna-stiinta-vulnerabilizeaza-tara.jpg\" class=\"ff-og-image-inserted\"><\/div>\n<p id=\"p-0\">\u00centr-o postare pe pagina sa de Facebook, deputatul social-democrat Mihai Fifor l-a criticat pe premierul Ilie Bolojan, consider\u00e2nd c\u0103 acesta \u201ese aga\u021b\u0103 cu disperare de fotoliul de premier\u201d \u0219i&nbsp; acuz\u00e2ndu-l c\u0103 refuz\u0103 s\u0103 demisioneze \u00een ciuda pierderii majorit\u0103\u021bii parlamentare.<\/p>\n<p id=\"p-1\">Potrivit acestuia, \u201ede mai bine de o s\u0103pt\u0103m\u00e2n\u0103, Ilie Bolojan conduce f\u0103r\u0103 sus\u021binere parlamentar\u0103\u201d \u0219i, \u00een loc s\u0103 fac\u0103 \u201egestul firesc \u00eentr-o democra\u021bie func\u021bional\u0103 \u2013 s\u0103 plece\u201d, ar men\u021bine \u021bara \u00eentr-un blocaj politic prelungit.<\/p>\n<p id=\"p-2\">\u201eCeea ce am v\u0103zut asear\u0103 nu a fost un lider lucid, conectat la realitate, ci un om care se crede providen\u021bial. Un om care pare convins c\u0103 el, \u0219i numai el, de\u021bine adev\u0103rul absolut, indiferent de cifre, indiferent de efectele deciziilor sale, indiferent de voin\u021ba politic\u0103 exprimat\u0103 clar \u00een Parlament\u201d, a scris Fifor \u00een mesajul s\u0103u.<\/p>\n<p id=\"p-4\">De asemenea, deputatul social-democrat a f\u0103cut referiri \u0219i la o \u201econfiscare a guvern\u0103rii\u201d, afirm\u00e2nd c\u0103 legitimitatea politic\u0103 nu poate fi men\u021binut\u0103 \u00een absen\u021ba unei majorit\u0103\u021bi parlamentare.<\/p>\n<p id=\"p-5\">\u201eConcluzia este una c\u00e2t se poate de clar\u0103 \u0219i nu mai las\u0103 loc de nuan\u021be: Ilie Bolojan a devenit, \u00een acest moment, un factor de risc pentru Rom\u00e2nia. Nu mai vorbim doar despre un premier contestat politic. Vorbim despre un lider care, cu bun\u0103 \u0219tiin\u021b\u0103, vulnerabilizeaz\u0103 \u021bara \u2013 intern, prin blocaj \u0219i criz\u0103 politic\u0103 prelungit\u0103, \u0219i extern, prin imaginea unei guvern\u0103ri f\u0103r\u0103 legitimitate \u0219i f\u0103r\u0103 direc\u021bie. Pentru a-\u0219i proteja pozi\u021bia, pentru a-\u0219i ap\u0103ra cercul de interese \u0219i, mai ales, pentru a-\u0219i hr\u0103ni orgoliul, alege s\u0103 \u00eemping\u0103 Rom\u00e2nia \u00eentr-o situa\u021bie tot mai complicat\u0103\u201d, a ad\u0103ugat Fifor.<\/p>\n<h2 id=\"chapter-0\">Fifor: \u00cendep\u0103rtarea lui Bolojan din func\u021bie nu mai este o op\u021biune politic\u0103. A devenit o necesitate<\/h2>\n<p id=\"p-6\">\u00cen final, social-democratul sus\u021bine c\u0103 \u00eendep\u0103rtarea lui Bolojan din func\u021bia de premier nu mai este doar o op\u021biune politic\u0103, ci \u201eo necesitate\u201d, subliniind nevoia Rom\u00e2niei \u201ede un guvern care s\u0103 lucreze pentru cet\u0103\u021beni\u201d.<\/p>\n<p id=\"p-7\">\u201eUn premier care ignor\u0103 realitatea parlamentar\u0103, care refuz\u0103 eviden\u021ba pierderii majorit\u0103\u021bii \u0219i care prelunge\u0219te deliberat criza devine, inevitabil, un element toxic pentru func\u021bionarea statului. De aceea, lucrurile trebuie spuse direct: Palatul Victoria nu poate fi ocupat \u00een absen\u021ba legitimit\u0103\u021bii. Iar Rom\u00e2nia nu-\u0219i mai permite luxul unui lider care pune mai presus de interesul na\u021bional propriile ambi\u021bii. \u00cendep\u0103rtarea lui Ilie Bolojan din func\u021bia de premier nu mai este o op\u021biune politic\u0103. A devenit o necesitate. Rom\u00e2nia are nevoie de stabilitate, de responsabilitate \u0219i de un guvern care s\u0103 lucreze pentru cet\u0103\u021beni, nu pentru orgoliile unui singur om\u201d, a conchis Fifor.<\/p>\n","protected":false},"excerpt":{"rendered":"<p>\u00centr-o postare pe pagina sa de Facebook, deputatul social-democrat Mihai Fifor l-a criticat pe premierul Ilie Bolojan, consider\u00e2nd c\u0103 acesta \u201ese aga\u021b\u0103 cu disperare de fotoliul de premier\u201d \u0219i&nbsp; acuz\u00e2ndu-l &hellip; <a href=\"https:\/\/microscopemedia.com\/?p=689675\" class=\"more-link\">Read More<\/a><\/p>\n","protected":false},"author":1,"featured_media":689676,"comment_status":"closed","ping_status":"closed","sticky":false,"template":"Default","format":"standard","meta":[],"categories":[1],"tags":[],"_links":{"self":[{"href":"https:\/\/microscopemedia.com\/index.php?rest_route=\/wp\/v2\/posts\/689675"}],"collection":[{"href":"https:\/\/microscopemedia.com\/index.php?rest_route=\/wp\/v2\/posts"}],"about":[{"href":"https:\/\/microscopemedia.com\/index.php?rest_route=\/wp\/v2\/types\/post"}],"author":[{"embeddable":true,"href":"https:\/\/microscopemedia.com\/index.php?rest_route=\/wp\/v2\/users\/1"}],"replies":[{"embeddable":true,"href":"https:\/\/microscopemedia.com\/index.php?rest_route=%2Fwp%2Fv2%2Fcomments&post=689675"}],"version-history":[{"count":0,"href":"https:\/\/microscopemedia.com\/index.php?rest_route=\/wp\/v2\/posts\/689675\/revisions"}],"wp:featuredmedia":[{"embeddable":true,"href":"https:\/\/microscopemedia.com\/index.php?rest_route=\/wp\/v2\/media\/689676"}],"wp:attachment":[{"href":"https:\/\/microscopemedia.com\/index.php?rest_route=%2Fwp%2Fv2%2Fmedia&parent=689675"}],"wp:term":[{"taxonomy":"category","embeddable":true,"href":"https:\/\/microscopemedia.com\/index.php?rest_route=%2Fwp%2Fv2%2Fcategories&post=689675"},{"taxonomy":"post_tag","embeddable":true,"href":"https:\/\/microscopemedia.com\/index.php?rest_route=%2Fwp%2Fv2%2Ftags&post=689675"}],"curies":[{"name":"wp","href":"https:\/\/api.w.org\/{rel}","templated":true}]}}