{"id":689677,"date":"2026-04-28T06:46:03","date_gmt":"2026-04-28T06:46:03","guid":{"rendered":"https:\/\/microscopemedia.com\/?p=689677"},"modified":"2026-04-28T06:46:03","modified_gmt":"2026-04-28T06:46:03","slug":"parlamentul-european-voteaza-astazi-asupra-ridicarii-imunitatii-dianei-sosoaca","status":"publish","type":"post","link":"https:\/\/microscopemedia.com\/?p=689677","title":{"rendered":"Parlamentul European voteaz\u0103 ast\u0103zi asupra ridic\u0103rii imunit\u0103\u021bii Dianei \u0218o\u0219oac\u0103"},"content":{"rendered":"<div><img decoding=\"async\" src=\"https:\/\/microscopemedia.com\/wp-content\/uploads\/2026\/04\/parlamentul-european-voteaza-astazi-asupra-ridicarii-imunitatii-dianei-sosoaca.jpg\" class=\"ff-og-image-inserted\"><\/div>\n<p id=\"p-0\">Pre\u0219edinta Parlamentului European, Roberta Metsola, a anun\u021bat luni, la deschiderea sesiunii plenare de la Strasbourg, c\u0103 votul privind ridicarea imunit\u0103\u021bii mai multor eurodeputa\u021bi, \u00eentre care \u0219i Diana Iovanovici \u0218o\u0219oac\u0103, va avea loc mar\u021bi.<\/p>\n<p id=\"p-1\">Votul este programat la ora local\u0103 12:00 (13:00, ora Rom\u00e2niei).<\/p>\n<p id=\"p-2\">S\u0103pt\u0103m\u00e2na trecut\u0103, <a href=\"https:\/\/www.mediafax.ro\/politic\/diana-sosoaca-vizata-de-ridicarea-imunitatii-in-parlamentul-european-dupa-votul-favorabil-din-comisia-juri-23725044\">Comisia pentru afaceri juridice<\/a> (JURI) a Parlamentului European a avizat favorabil solicitarea, cu 17 voturi \u201epentru\u201d, niciun vot \u201e\u00eempotriv\u0103\u201d \u0219i o ab\u021binere, deschiz\u00e2nd calea pentru votul final din plen.<\/p>\n<p id=\"p-3\">Cererea de ridicare a imunit\u0103\u021bii a fost transmis\u0103 de Parchetul de pe l\u00e2ng\u0103 \u00cenalta Curte de Casa\u021bie \u0219i Justi\u021bie, pentru a permite continuarea cercet\u0103rilor \u00eentr-un dosar penal.<\/p>\n<p id=\"p-4\"><a href=\"https:\/\/www.mediafax.ro\/politic\/parchetul-general-cere-parlamentului-european-sa-i-ridice-imunitatea-dianei-sosoaca-23614607\">Procurorul general<\/a> al Parchetului de pe l\u00e2ng\u0103 \u00cenalta Curte de Casa\u021bie \u0219i Justi\u021bie a solicitat, \u00een septembrie 2025, Parlamentului European ridicarea imunit\u0103\u021bii acesteia.<\/p>\n<p id=\"p-5\">Diana \u0218o\u0219oac\u0103, pre\u0219edinta S.O.S. Rom\u00e2nia, este cercetat\u0103 pentru 11 infrac\u021biuni, \u00eentre care propagand\u0103 legionar\u0103, promovarea cultului unor persoane condamnate pentru crime de r\u0103zboi, negarea Holocaustului, dar \u0219i fapte precum lipsirea de libertate \u00een mod ilegal \u0219i ultraj.<\/p>\n","protected":false},"excerpt":{"rendered":"<p>Pre\u0219edinta Parlamentului European, Roberta Metsola, a anun\u021bat luni, la deschiderea sesiunii plenare de la Strasbourg, c\u0103 votul privind ridicarea imunit\u0103\u021bii mai multor eurodeputa\u021bi, \u00eentre care \u0219i Diana Iovanovici \u0218o\u0219oac\u0103, va &hellip; <a href=\"https:\/\/microscopemedia.com\/?p=689677\" class=\"more-link\">Read More<\/a><\/p>\n","protected":false},"author":1,"featured_media":689678,"comment_status":"closed","ping_status":"closed","sticky":false,"template":"Default","format":"standard","meta":[],"categories":[1],"tags":[],"_links":{"self":[{"href":"https:\/\/microscopemedia.com\/index.php?rest_route=\/wp\/v2\/posts\/689677"}],"collection":[{"href":"https:\/\/microscopemedia.com\/index.php?rest_route=\/wp\/v2\/posts"}],"about":[{"href":"https:\/\/microscopemedia.com\/index.php?rest_route=\/wp\/v2\/types\/post"}],"author":[{"embeddable":true,"href":"https:\/\/microscopemedia.com\/index.php?rest_route=\/wp\/v2\/users\/1"}],"replies":[{"embeddable":true,"href":"https:\/\/microscopemedia.com\/index.php?rest_route=%2Fwp%2Fv2%2Fcomments&post=689677"}],"version-history":[{"count":0,"href":"https:\/\/microscopemedia.com\/index.php?rest_route=\/wp\/v2\/posts\/689677\/revisions"}],"wp:featuredmedia":[{"embeddable":true,"href":"https:\/\/microscopemedia.com\/index.php?rest_route=\/wp\/v2\/media\/689678"}],"wp:attachment":[{"href":"https:\/\/microscopemedia.com\/index.php?rest_route=%2Fwp%2Fv2%2Fmedia&parent=689677"}],"wp:term":[{"taxonomy":"category","embeddable":true,"href":"https:\/\/microscopemedia.com\/index.php?rest_route=%2Fwp%2Fv2%2Fcategories&post=689677"},{"taxonomy":"post_tag","embeddable":true,"href":"https:\/\/microscopemedia.com\/index.php?rest_route=%2Fwp%2Fv2%2Ftags&post=689677"}],"curies":[{"name":"wp","href":"https:\/\/api.w.org\/{rel}","templated":true}]}}