{"id":689685,"date":"2026-04-28T07:26:05","date_gmt":"2026-04-28T07:26:05","guid":{"rendered":"https:\/\/microscopemedia.com\/?p=689685"},"modified":"2026-04-28T07:26:05","modified_gmt":"2026-04-28T07:26:05","slug":"libanul-acuza-israelul-de-ecocid-dupa-distrugerile-din-razboiul-2023-2024","status":"publish","type":"post","link":"https:\/\/microscopemedia.com\/?p=689685","title":{"rendered":"Libanul acuz\u0103 Israelul de \u201eecocid\u201d dup\u0103 distrugerile din r\u0103zboiul 2023\u20132024"},"content":{"rendered":"<div><img decoding=\"async\" src=\"https:\/\/microscopemedia.com\/wp-content\/uploads\/2026\/04\/libanul-acuza-israelul-de-ecocid-dupa-distrugerile-din-razboiul-2023-2024.jpg\" class=\"ff-og-image-inserted\"><\/div>\n<p id=\"p-0\">Ministrul mediului din Liban, Tamara El Zein, a calificat impactul acestor ac\u021biuni drept \u201eecocid\u201d, \u00eentr-un document care analizeaz\u0103 perioada octombrie 2023 \u2013 decembrie 2024. Raportul, realizat de National Council for Scientific Research Lebanon \u0219i citat de <a href=\"https:\/\/www.theguardian.com\/world\/2026\/apr\/28\/lebanon-accuses-israel-ecocide\" target=\"_blank\" rel=\"noopener\">The Guardian<\/a>, arat\u0103 c\u0103 interven\u021biile militare au \u201eremodelat peisajul fizic \u0219i ecologic\u201d al sudului \u021b\u0103rii, afect\u00e2nd p\u0103duri, terenuri agricole, resurse de ap\u0103 \u0219i ecosisteme marine.<\/p>\n<p id=\"p-1\">\u201eAmploarea \u0219i caracterul inten\u021bionat al acestor distrugeri constituie un act de ecocid\u201d, a afirmat oficialul libanez, subliniind c\u0103 efectele dep\u0103\u0219esc sfera mediului \u0219i afecteaz\u0103 direct securitatea alimentar\u0103 \u0219i s\u0103n\u0103tatea public\u0103.<\/p>\n<h2 id=\"chapter-0\">\u201eEcocid\u201d: P\u0103duri distruse \u0219i agricultur\u0103 afectat\u0103<\/h2>\n<p id=\"p-2\">Potrivit datelor incluse \u00een raport, aproximativ 5.000 de hectare de p\u0103dure au fost distruse, inclusiv zone importante pentru biodiversitate. Alte peste 2.100 de hectare de livezi \u2013 printre care planta\u021bii de m\u0103slini \u0219i citrice \u2013 au fost afectate. Sectorul agricol a suferit pierderi semnificative, estimate la sute de milioane de dolari, at\u00e2t prin distrugerea infrastructurii, c\u00e2t \u0219i prin sc\u0103derea produc\u021biei. De asemenea, solul a fost contaminat \u00een anumite zone, iar episoadele de poluare a aerului au fost raportate pe arii extinse, dincolo de zonele direct lovite. Raportul evalueaz\u0103 impactul total la aproximativ 25 de miliarde de dolari, incluz\u00e2nd pagube materiale, pierderi economice \u0219i costuri de reconstruc\u021bie. Autorit\u0103\u021bile libaneze cer sprijin interna\u021bional pentru refacerea mediului, argument\u00e2nd c\u0103 amploarea distrugerilor dep\u0103\u0219e\u0219te capacitatea \u021b\u0103rii de a interveni singur\u0103.<\/p>\n<h2 id=\"chapter-1\">Reac\u021bia Israelului \u0219i impactul pe termen lung<\/h2>\n<p id=\"p-3\">Un purt\u0103tor de cuv\u00e2nt al Israel Defense Forces a declarat c\u0103 armata este con\u0219tient\u0103 de poten\u021bialul impact asupra mediului \u0219i c\u0103 ac\u021bioneaz\u0103 pentru a minimiza efectele asupra civililor \u0219i mediului. \u00cen paralel, organiza\u021bii independente atrag aten\u021bia c\u0103 unele concluzii ale raportului ar putea fi deja dep\u0103\u0219ite, av\u00e2nd \u00een vedere continuarea confrunt\u0103rilor \u0219i noile distrugeri din regiune. Exper\u021bii \u00een mediu avertizeaz\u0103 c\u0103 efectele conflictelor armate asupra naturii pot persista ani sau chiar decenii. \u00cen cazul Libanului, degradarea ecosistemelor ar putea afecta nu doar biodiversitatea, ci \u0219i stabilitatea economic\u0103 \u0219i social\u0103 a regiunii. Raportul readuce \u00een aten\u021bie o dimensiune mai pu\u021bin expus\u0103 sau discutat\u0103 a <a href=\"https:\/\/www.mediafax.ro\/externe\/atacuri-israeliene-in-liban-in-ciuda-armistitiului-cel-putin-14-persoane-au-murit-23726921\" target=\"_blank\" rel=\"noopener\">r\u0103zboaielor<\/a>: costul ecologic, care se resimte mult timp dup\u0103 \u00eencetarea luptelor.<\/p>\n","protected":false},"excerpt":{"rendered":"<p>Ministrul mediului din Liban, Tamara El Zein, a calificat impactul acestor ac\u021biuni drept \u201eecocid\u201d, \u00eentr-un document care analizeaz\u0103 perioada octombrie 2023 \u2013 decembrie 2024. Raportul, realizat de National Council for &hellip; <a href=\"https:\/\/microscopemedia.com\/?p=689685\" class=\"more-link\">Read More<\/a><\/p>\n","protected":false},"author":1,"featured_media":689686,"comment_status":"closed","ping_status":"closed","sticky":false,"template":"Default","format":"standard","meta":[],"categories":[1],"tags":[],"_links":{"self":[{"href":"https:\/\/microscopemedia.com\/index.php?rest_route=\/wp\/v2\/posts\/689685"}],"collection":[{"href":"https:\/\/microscopemedia.com\/index.php?rest_route=\/wp\/v2\/posts"}],"about":[{"href":"https:\/\/microscopemedia.com\/index.php?rest_route=\/wp\/v2\/types\/post"}],"author":[{"embeddable":true,"href":"https:\/\/microscopemedia.com\/index.php?rest_route=\/wp\/v2\/users\/1"}],"replies":[{"embeddable":true,"href":"https:\/\/microscopemedia.com\/index.php?rest_route=%2Fwp%2Fv2%2Fcomments&post=689685"}],"version-history":[{"count":0,"href":"https:\/\/microscopemedia.com\/index.php?rest_route=\/wp\/v2\/posts\/689685\/revisions"}],"wp:featuredmedia":[{"embeddable":true,"href":"https:\/\/microscopemedia.com\/index.php?rest_route=\/wp\/v2\/media\/689686"}],"wp:attachment":[{"href":"https:\/\/microscopemedia.com\/index.php?rest_route=%2Fwp%2Fv2%2Fmedia&parent=689685"}],"wp:term":[{"taxonomy":"category","embeddable":true,"href":"https:\/\/microscopemedia.com\/index.php?rest_route=%2Fwp%2Fv2%2Fcategories&post=689685"},{"taxonomy":"post_tag","embeddable":true,"href":"https:\/\/microscopemedia.com\/index.php?rest_route=%2Fwp%2Fv2%2Ftags&post=689685"}],"curies":[{"name":"wp","href":"https:\/\/api.w.org\/{rel}","templated":true}]}}