{"id":689689,"date":"2026-04-28T07:46:04","date_gmt":"2026-04-28T07:46:04","guid":{"rendered":"https:\/\/microscopemedia.com\/?p=689689"},"modified":"2026-04-28T07:46:04","modified_gmt":"2026-04-28T07:46:04","slug":"austria-incepe-procesul-austriacului-care-a-organizat-complotul-terorist-asupra-unui-concert-al-lui-taylor-swift","status":"publish","type":"post","link":"https:\/\/microscopemedia.com\/?p=689689","title":{"rendered":"Austria \/ \u00cencepe procesul austriacului care a organizat complotul terorist asupra unui concert al lui Taylor Swift"},"content":{"rendered":"<div><img decoding=\"async\" src=\"https:\/\/microscopemedia.com\/wp-content\/uploads\/2026\/04\/austria-incepe-procesul-austriacului-care-a-organizat-complotul-terorist-asupra-unui-concert-al-lui-taylor-swift.jpg\" class=\"ff-og-image-inserted\"><\/div>\n<p id=\"p-0\">Procesul unui t\u00e2n\u0103r austriac acuzat c\u0103 a pus la cale un atac terorist asupra unui concert al superstarului pop <a href=\"https:\/\/www.mediafax.ro\/externe\/ai-vs-artisti-taylor-swift-isi-protejeaza-vocea-in-fata-deepfake-urilor-23727570\">Taylor Swift<\/a> \u00eencepe mar\u021bi, \u00eentr-un caz care readuce \u00een prim-plan vulnerabilitatea marilor evenimente culturale \u00een fa\u021ba extremismului violent.<\/p>\n<p id=\"p-1\">Inculpatul, un cet\u0103\u021bean austriac \u00een v\u00e2rst\u0103 de 21 de ani, identificat ca Beran A., este judecat la Wiener Neustadt, \u00een apropiere de Viena.<\/p>\n<p id=\"p-2\">Acesta se confrunt\u0103 cu acuza\u021bii grave, inclusiv terorism \u0219i apartenen\u021b\u0103 la organiza\u021bia extremist\u0103 Stat Islamic, risc\u00e2nd p\u00e2n\u0103 la 20 de ani de \u00eenchisoare.<\/p>\n<h2 id=\"chapter-0\">Un atac dejucat \u00een ultimul moment<\/h2>\n<p id=\"p-3\">Potrivit procurorilor, Beran A. ar fi pl\u0103nuit s\u0103 atace mul\u021bimea adunat\u0103 \u00een afara stadionului Ernst Happel Stadium, unde urmau s\u0103 aib\u0103 loc concertele artistei, \u00een august 2024.<\/p>\n<p id=\"p-4\">Aproximativ 30.000 de persoane erau a\u0219teptate zilnic \u00een exteriorul arenei, pe l\u00e2ng\u0103 alte 65.000 \u00een interior.<\/p>\n<p id=\"p-5\">Planul ar fi implicat utilizarea de cu\u021bite \u0219i explozibili artizanali, cu scopul declarat de a provoca un num\u0103r c\u00e2t mai mare de victime.<\/p>\n<h2 id=\"chapter-1\">\u201eSwifties\u201d \u0219i br\u0103\u021b\u0103rile prieteniei<\/h2>\n<p id=\"p-6\">Autorit\u0103\u021bile austriece au intervenit \u00eenainte de punerea \u00een aplicare a atacului, \u00een urma unor informa\u021bii furnizate inclusiv de serviciile americane.<\/p>\n<p id=\"p-7\">\u00cen urma amenin\u021b\u0103rii, cele trei concerte programate au fost anulate, o decizie care a st\u00e2rnit emo\u021bii puternice \u00een r\u00e2ndul fanilor artistei.<\/p>\n<p id=\"p-8\">Comunitatea \u201eSwifties\u201d s-a mobilizat \u00eens\u0103 spontan, transform\u00e2nd ora\u0219ul \u00eentr-un spa\u021biu simbolic al solidarit\u0103\u021bii, cu schimburi de br\u0103\u021b\u0103ri ale prieteniei \u0219i momente muzicale colective.<\/p>\n<h2 id=\"chapter-2\">Re\u021bea extins\u0103 \u0219i planuri interna\u021bionale<\/h2>\n<p id=\"p-9\">Beran A. nu este singurul inculpat.<\/p>\n<p id=\"p-10\">El este judecat al\u0103turi de Arda K., un alt suspect implicat \u00eentr-un complot mai amplu care viza atacuri simultane \u00een Arabia Saudit\u0103, Turcia \u0219i Emiratele Arabe Unite, \u00een timpul Ramadanului din 2024.<\/p>\n<p id=\"p-11\">Un al treilea suspect, Hasan E., ar fi trecut la ac\u021biune, \u00eenjunghiind un agent de securitate la Marea Moschee din Mecca pe 11 martie 2024. Acesta se afl\u0103 \u00een continuare \u00een arest preventiv \u00een Arabia Saudit\u0103.<\/p>\n<p id=\"p-12\">Procurorii sus\u021bin c\u0103 inculpa\u021bii au discutat despre achizi\u021bia de arme \u0219i fabricarea de bombe \u0219i c\u0103 Beran A. ar fi \u00eencercat efectiv s\u0103 procure ilegal armament \u00eenainte de concert. \u00cen urma unei perchezi\u021bii efectuate pe 7 august 2024, autorit\u0103\u021bile au descoperit materiale pentru dispozitive explozive \u00een locuin\u021ba acestuia.<\/p>\n<h2 id=\"chapter-3\">O amenin\u021bare care aminte\u0219te de tragedii recente<\/h2>\n<p id=\"p-13\">Cazul a fost comparat cu atentatul din 2017 de la concertul Arianei Grande din Manchester \u2014 un atac sinuciga\u0219 soldat cu 22 de mor\u021bi, care a \u0219ocat Europa \u0219i a ridicat semne de \u00eentrebare privind securitatea evenimentelor publice.<\/p>\n<p id=\"p-14\">\u00centr-un mesaj publicat dup\u0103 anularea concertelor din Viena, Taylor Swift a descris situa\u021bia drept \u201edevastatoare\u201d, m\u0103rturisind c\u0103 motivul anul\u0103rii i-a provocat \u201eun nou sentiment de fric\u0103 \u0219i o vinov\u0103\u021bie imens\u0103\u201d.<\/p>\n<h2 id=\"chapter-4\">Urmeaz\u0103 audieri decisive<\/h2>\n<p id=\"p-15\">Avocata lui Beran A. a declarat c\u0103 acesta inten\u021bioneaz\u0103 s\u0103 pledeze vinovat pentru majoritatea acuza\u021biilor, f\u0103r\u0103 a preciza exact care.<\/p>\n<p id=\"p-16\">Procesul este programat s\u0103 continue pe 12 mai \u0219i ar putea aduce clarific\u0103ri importante privind amploarea re\u021belei \u0219i nivelul de radicalizare al inculpa\u021bilor.<\/p>\n<p id=\"p-17\">Cazul subliniaz\u0103, \u00eenc\u0103 o dat\u0103, tensiunea dintre libertatea cultural\u0103 \u0219i nevoia de securitate \u00eentr-o Europ\u0103 \u00een care amenin\u021barea terorist\u0103 r\u0103m\u00e2ne prezent\u0103.<\/p>\n","protected":false},"excerpt":{"rendered":"<p>Procesul unui t\u00e2n\u0103r austriac acuzat c\u0103 a pus la cale un atac terorist asupra unui concert al superstarului pop Taylor Swift \u00eencepe mar\u021bi, \u00eentr-un caz care readuce \u00een prim-plan vulnerabilitatea &hellip; <a href=\"https:\/\/microscopemedia.com\/?p=689689\" class=\"more-link\">Read More<\/a><\/p>\n","protected":false},"author":1,"featured_media":689690,"comment_status":"closed","ping_status":"closed","sticky":false,"template":"Default","format":"standard","meta":[],"categories":[1],"tags":[],"_links":{"self":[{"href":"https:\/\/microscopemedia.com\/index.php?rest_route=\/wp\/v2\/posts\/689689"}],"collection":[{"href":"https:\/\/microscopemedia.com\/index.php?rest_route=\/wp\/v2\/posts"}],"about":[{"href":"https:\/\/microscopemedia.com\/index.php?rest_route=\/wp\/v2\/types\/post"}],"author":[{"embeddable":true,"href":"https:\/\/microscopemedia.com\/index.php?rest_route=\/wp\/v2\/users\/1"}],"replies":[{"embeddable":true,"href":"https:\/\/microscopemedia.com\/index.php?rest_route=%2Fwp%2Fv2%2Fcomments&post=689689"}],"version-history":[{"count":0,"href":"https:\/\/microscopemedia.com\/index.php?rest_route=\/wp\/v2\/posts\/689689\/revisions"}],"wp:featuredmedia":[{"embeddable":true,"href":"https:\/\/microscopemedia.com\/index.php?rest_route=\/wp\/v2\/media\/689690"}],"wp:attachment":[{"href":"https:\/\/microscopemedia.com\/index.php?rest_route=%2Fwp%2Fv2%2Fmedia&parent=689689"}],"wp:term":[{"taxonomy":"category","embeddable":true,"href":"https:\/\/microscopemedia.com\/index.php?rest_route=%2Fwp%2Fv2%2Fcategories&post=689689"},{"taxonomy":"post_tag","embeddable":true,"href":"https:\/\/microscopemedia.com\/index.php?rest_route=%2Fwp%2Fv2%2Ftags&post=689689"}],"curies":[{"name":"wp","href":"https:\/\/api.w.org\/{rel}","templated":true}]}}