{"id":689691,"date":"2026-04-28T08:06:04","date_gmt":"2026-04-28T08:06:04","guid":{"rendered":"https:\/\/microscopemedia.com\/?p=689691"},"modified":"2026-04-28T08:06:04","modified_gmt":"2026-04-28T08:06:04","slug":"surse-psd-si-aur-pregatesc-astazi-depunerea-motiunii-de-cenzura-impotriva-guvernului-bolojan","status":"publish","type":"post","link":"https:\/\/microscopemedia.com\/?p=689691","title":{"rendered":"Surse. PSD \u0219i AUR preg\u0103tesc ast\u0103zi depunerea mo\u021biunii de cenzur\u0103 \u00eempotriva Guvernului Bolojan"},"content":{"rendered":"<div><img decoding=\"async\" src=\"https:\/\/microscopemedia.com\/wp-content\/uploads\/2026\/04\/surse-psd-si-aur-pregatesc-astazi-depunerea-motiunii-de-cenzura-impotriva-guvernului-bolojan.jpg\" class=\"ff-og-image-inserted\"><\/div>\n<p data-start=\"92\" data-end=\"227\" id=\"p-0\">PSD \u0219i AUR inten\u021bioneaz\u0103 s\u0103 depun\u0103 ast\u0103zi, dup\u0103 ora 12:00, mo\u021biunea de cenzur\u0103 \u00eempotriva Guvernului condus de Ilie Bolojan, potrivit unor surse <a href=\"https:\/\/www.g4media.ro\/surse-psd-si-aur-intentioneaza-sa-depuna-astazi-motiunea-de-cenzura-anti-bolojan.html\">G4Media<\/a>.<\/p>\n<p data-start=\"0\" data-end=\"285\" id=\"p-1\">Cele dou\u0103 partide au reu\u0219it, de altfel, \u00eenc\u0103 de luni sear\u0103 s\u0103 adune semn\u0103turile necesare pentru depunerea mo\u021biunii de cenzur\u0103 \u00eempotriva Guvernului Bolojan, mai confirm\u0103 sursele.<\/p>\n<p data-start=\"0\" data-end=\"285\" id=\"p-2\">Pentru ini\u021bierea demersului este nevoie de o p\u0103trime din num\u0103rul total al senatorilor \u0219i deputa\u021bilor, adic\u0103 117 semn\u0103turi.<\/p>\n<p data-start=\"287\" data-end=\"552\" id=\"p-3\">Cele dou\u0103 partide ar fi str\u00e2ns chiar mai multe semn\u0103turi dec\u00e2t pragul minim, pentru a transmite un semnal de for\u021b\u0103 politic\u0103 \u00eenaintea votului din Parlament. PSD \u0219i AUR au \u00eempreun\u0103 220 de parlamentari, \u00een timp ce pentru adoptarea mo\u021biunii sunt necesare 233 de voturi.<\/p>\n<p data-start=\"554\" data-end=\"754\" data-is-last-node data-is-only-node id=\"p-4\">Sursele politice sus\u021bin c\u0103 forma\u021biunile au reu\u0219it s\u0103 atrag\u0103 \u0219i sprijin suplimentar de la parlamentari neafilia\u021bi sau din alte partide, ceea ce le-a permis s\u0103 dep\u0103\u0219easc\u0103 pragul necesar pentru depunere.<\/p>\n<p data-start=\"444\" data-end=\"573\" id=\"p-5\">Constitu\u021bia prevede c\u0103 mo\u021biunea de cenzur\u0103 este dezb\u0103tut\u0103 la trei zile dup\u0103 ce este prezentat\u0103 \u00een plenul reunit al Parlamentului.<\/p>\n<p data-start=\"575\" data-end=\"772\" id=\"p-6\">Dup\u0103 depunere, Birourile permanente reunite vor convoca Senatul \u0219i Camera Deputa\u021bilor \u00eentr-o \u0219edin\u021b\u0103 comun\u0103 pentru citirea mo\u021biunii. Ulterior, dup\u0103 trei zile, va avea loc dezbaterea \u0219i votul final.<\/p>\n<p data-start=\"774\" data-end=\"932\" id=\"p-7\">Votul se realizeaz\u0103 prin bile: bila alb\u0103 \u00een urna alb\u0103 \u0219i bila neagr\u0103 \u00een urna neagr\u0103 \u00eenseamn\u0103 vot pentru, \u00een timp ce combina\u021bia invers\u0103 \u00eenseamn\u0103 vot \u00eempotriv\u0103.<\/p>\n<h2 data-start=\"934\" data-end=\"1162\" id=\"chapter-0\">Ce arat\u0103 Constitu\u021bia<\/h2>\n<p data-start=\"1164\" data-end=\"1179\" id=\"p-8\">\u201eArticolul 113\u201d<\/p>\n<p data-start=\"1181\" data-end=\"1367\" id=\"p-9\">\u201e(1) Camera Deputa\u0163ilor \u015fi Senatul, \u00een \u015fedin\u0163\u0103 comun\u0103, pot retrage \u00eencrederea acordat\u0103 Guvernului prin adoptarea unei mo\u0163iuni de cenzur\u0103, cu votul majorit\u0103\u0163ii deputa\u0163ilor \u015fi senatorilor.<\/p>\n<p data-start=\"1369\" data-end=\"1526\" id=\"p-10\">(2) Mo\u0163iunea de cenzur\u0103 poate fi ini\u0163iat\u0103 de cel pu\u0163in o p\u0103trime din num\u0103rul total al deputa\u0163ilor \u015fi senatorilor \u015fi se comunic\u0103 Guvernului la data depunerii.<\/p>\n<p data-start=\"1528\" data-end=\"1647\" id=\"p-11\">(3) Mo\u0163iunea de cenzur\u0103 se dezbate dup\u0103 3 zile de la data c\u00e2nd a fost prezentat\u0103 \u00een \u015fedin\u0163a comun\u0103 a celor dou\u0103 Camere.<\/p>\n<p data-start=\"1649\" data-end=\"1890\" data-is-last-node data-is-only-node id=\"p-12\">(4) Dac\u0103 mo\u0163iunea de cenzur\u0103 a fost respins\u0103, deputa\u0163ii \u015fi senatorii care au semnat-o nu mai pot ini\u0163ia, \u00een aceea\u015fi sesiune, o nou\u0103 mo\u0163iune de cenzur\u0103, cu excep\u0163ia cazului \u00een care Guvernul \u00ee\u015fi angajeaz\u0103 r\u0103spunderea potrivit articolului 114.\u201d<\/p>\n","protected":false},"excerpt":{"rendered":"<p>PSD \u0219i AUR inten\u021bioneaz\u0103 s\u0103 depun\u0103 ast\u0103zi, dup\u0103 ora 12:00, mo\u021biunea de cenzur\u0103 \u00eempotriva Guvernului condus de Ilie Bolojan, potrivit unor surse G4Media. Cele dou\u0103 partide au reu\u0219it, de altfel, &hellip; <a href=\"https:\/\/microscopemedia.com\/?p=689691\" class=\"more-link\">Read More<\/a><\/p>\n","protected":false},"author":1,"featured_media":689692,"comment_status":"closed","ping_status":"closed","sticky":false,"template":"Default","format":"standard","meta":[],"categories":[1],"tags":[],"_links":{"self":[{"href":"https:\/\/microscopemedia.com\/index.php?rest_route=\/wp\/v2\/posts\/689691"}],"collection":[{"href":"https:\/\/microscopemedia.com\/index.php?rest_route=\/wp\/v2\/posts"}],"about":[{"href":"https:\/\/microscopemedia.com\/index.php?rest_route=\/wp\/v2\/types\/post"}],"author":[{"embeddable":true,"href":"https:\/\/microscopemedia.com\/index.php?rest_route=\/wp\/v2\/users\/1"}],"replies":[{"embeddable":true,"href":"https:\/\/microscopemedia.com\/index.php?rest_route=%2Fwp%2Fv2%2Fcomments&post=689691"}],"version-history":[{"count":0,"href":"https:\/\/microscopemedia.com\/index.php?rest_route=\/wp\/v2\/posts\/689691\/revisions"}],"wp:featuredmedia":[{"embeddable":true,"href":"https:\/\/microscopemedia.com\/index.php?rest_route=\/wp\/v2\/media\/689692"}],"wp:attachment":[{"href":"https:\/\/microscopemedia.com\/index.php?rest_route=%2Fwp%2Fv2%2Fmedia&parent=689691"}],"wp:term":[{"taxonomy":"category","embeddable":true,"href":"https:\/\/microscopemedia.com\/index.php?rest_route=%2Fwp%2Fv2%2Fcategories&post=689691"},{"taxonomy":"post_tag","embeddable":true,"href":"https:\/\/microscopemedia.com\/index.php?rest_route=%2Fwp%2Fv2%2Ftags&post=689691"}],"curies":[{"name":"wp","href":"https:\/\/api.w.org\/{rel}","templated":true}]}}