{"id":689695,"date":"2026-04-28T08:36:03","date_gmt":"2026-04-28T08:36:03","guid":{"rendered":"https:\/\/microscopemedia.com\/?p=689695"},"modified":"2026-04-28T08:36:03","modified_gmt":"2026-04-28T08:36:03","slug":"news-alert-scumpirea-calatoriei-cu-metroul-din-bucuresti-ar-putea-fi-amanata-propunerea-lui-radu-miruta","status":"publish","type":"post","link":"https:\/\/microscopemedia.com\/?p=689695","title":{"rendered":"NEWS ALERT Scumpirea c\u0103l\u0103toriei cu metroul din Bucure\u0219ti ar putea fi am\u00e2nat\u0103. Propunerea lui Radu Miru\u021b\u0103"},"content":{"rendered":"<div><img decoding=\"async\" src=\"https:\/\/microscopemedia.com\/wp-content\/uploads\/2026\/04\/news-alert-scumpirea-calatoriei-cu-metroul-din-bucuresti-ar-putea-fi-amanata-propunerea-lui-radu-miruta.jpg\" class=\"ff-og-image-inserted\"><\/div>\n<p id=\"p-0\">Proiectul de ordin a fost publicat mar\u021bi diminea\u021b\u0103 pe site-ul Ministerului Transporturilor \u0219i se afl\u0103 \u00een consultare public\u0103. Documentul prevede prorogarea cu 60 de zile a ordinului prin care fusese aprobat\u0103 modificarea tarifelor de c\u0103l\u0103torie cu metroul.<\/p>\n<p id=\"p-1\">Majorarea tarifelor a fost solicitat\u0103 de Consiliul de Administra\u021bie al Metrorex \u0219i aprobat\u0103 de fostul ministru al Transporturilor, Ciprian \u0218erban, cu o zi \u00eenainte ca acesta s\u0103 demisioneze.<\/p>\n<p id=\"p-2\">Ministerul Transporturilor justific\u0103 am\u00e2narea prin necesitatea unei analize mai ample asupra efectelor pe care scumpirea le-ar putea avea asupra num\u0103rului de c\u0103l\u0103tori, asupra alegerii altor mijloace de transport, dar \u0219i asupra calit\u0103\u021bii aerului din Bucure\u0219ti. Institu\u021bia vrea ca Metrorex s\u0103 evalueze dac\u0103 majorarea tarifelor ar putea determina o parte dintre c\u0103l\u0103tori s\u0103 renun\u021be la metrou \u00een favoarea ma\u0219inii personale sau a serviciilor de ridesharing.<\/p>\n<p id=\"p-3\">Potrivit referatului de aprobare, tariful propus de 7 lei pentru o c\u0103l\u0103torie cu metroul ar putea deveni comparabil, pe distan\u021be scurte de una p\u00e2n\u0103 la trei sta\u021bii, cu unele curse de ridesharing sau cu alternativele oferite de STB pe trasee paralele.<\/p>\n<p id=\"p-4\">\u00cen cele 60 de zile de am\u00e2nare, Metrorex va trebui s\u0103 prezinte \u0219i un plan de reducere a cheltuielilor. Documentul trebuie s\u0103 includ\u0103 m\u0103suri concrete, termene clare \u0219i efecte financiare estimate, astfel \u00eenc\u00e2t compania s\u0103 ob\u021bin\u0103 o reducere de cel pu\u021bin 10% a bazei de cheltuieli, \u00eentr-un interval de cel mult \u0219ase luni.<\/p>\n<p id=\"p-5\">Metrorex va trebui, de asemenea, s\u0103 realizeze o analiz\u0103 privind suportabilitatea noilor tarife pentru popula\u021bie, \u021bin\u00e2nd cont de evolu\u021bia salariului mediu \u0219i de infla\u021bie. Ministerul cere \u0219i o analiz\u0103 de prag tarifar pe baza datelor proprii de validare, inclusiv pentru abonamentele lunare, care au cea mai mare pondere \u00een veniturile companiei.<\/p>\n<h2 id=\"chapter-0\">C\u00e2t urma s\u0103 coste metroul<\/h2>\n<p id=\"p-6\">Conform tarifelor care urmau s\u0103 intre \u00een vigoare de la 1 mai, pre\u021bul unei c\u0103l\u0103torii cu metroul ar fi crescut de la 5 lei la 7 lei. Dou\u0103 c\u0103l\u0103torii ar fi costat 14 lei, fa\u021b\u0103 de 10 lei \u00een prezent, iar cartela de 10 c\u0103l\u0103torii ar fi urcat de la 40 la 55 de lei.<\/p>\n<p id=\"p-7\">\u0218i abonamentele urmau s\u0103 se scumpeasc\u0103 semnificativ: cel de 24 de ore de la 12 la 18 lei, cel s\u0103pt\u0103m\u00e2nal de la 45 la 60 de lei, abonamentul lunar de la 100 la 140 de lei, cel pe \u0219ase luni de la 500 la 700 de lei, iar abonamentul anual de la 900 la 1.300 de lei.<\/p>\n","protected":false},"excerpt":{"rendered":"<p>Proiectul de ordin a fost publicat mar\u021bi diminea\u021b\u0103 pe site-ul Ministerului Transporturilor \u0219i se afl\u0103 \u00een consultare public\u0103. Documentul prevede prorogarea cu 60 de zile a ordinului prin care fusese &hellip; <a href=\"https:\/\/microscopemedia.com\/?p=689695\" class=\"more-link\">Read More<\/a><\/p>\n","protected":false},"author":1,"featured_media":689696,"comment_status":"closed","ping_status":"closed","sticky":false,"template":"Default","format":"standard","meta":[],"categories":[1],"tags":[],"_links":{"self":[{"href":"https:\/\/microscopemedia.com\/index.php?rest_route=\/wp\/v2\/posts\/689695"}],"collection":[{"href":"https:\/\/microscopemedia.com\/index.php?rest_route=\/wp\/v2\/posts"}],"about":[{"href":"https:\/\/microscopemedia.com\/index.php?rest_route=\/wp\/v2\/types\/post"}],"author":[{"embeddable":true,"href":"https:\/\/microscopemedia.com\/index.php?rest_route=\/wp\/v2\/users\/1"}],"replies":[{"embeddable":true,"href":"https:\/\/microscopemedia.com\/index.php?rest_route=%2Fwp%2Fv2%2Fcomments&post=689695"}],"version-history":[{"count":0,"href":"https:\/\/microscopemedia.com\/index.php?rest_route=\/wp\/v2\/posts\/689695\/revisions"}],"wp:featuredmedia":[{"embeddable":true,"href":"https:\/\/microscopemedia.com\/index.php?rest_route=\/wp\/v2\/media\/689696"}],"wp:attachment":[{"href":"https:\/\/microscopemedia.com\/index.php?rest_route=%2Fwp%2Fv2%2Fmedia&parent=689695"}],"wp:term":[{"taxonomy":"category","embeddable":true,"href":"https:\/\/microscopemedia.com\/index.php?rest_route=%2Fwp%2Fv2%2Fcategories&post=689695"},{"taxonomy":"post_tag","embeddable":true,"href":"https:\/\/microscopemedia.com\/index.php?rest_route=%2Fwp%2Fv2%2Ftags&post=689695"}],"curies":[{"name":"wp","href":"https:\/\/api.w.org\/{rel}","templated":true}]}}