{"id":689697,"date":"2026-04-28T08:46:03","date_gmt":"2026-04-28T08:46:03","guid":{"rendered":"https:\/\/microscopemedia.com\/?p=689697"},"modified":"2026-04-28T08:46:03","modified_gmt":"2026-04-28T08:46:03","slug":"fifa-vrea-sa-relaxeze-regulamentul-privind-cartonasele-galbene-pentru-campionatul-mondial","status":"publish","type":"post","link":"https:\/\/microscopemedia.com\/?p=689697","title":{"rendered":"FIFA vrea s\u0103 relaxeze regulamentul privind cartona\u0219ele galbene pentru Campionatul Mondial"},"content":{"rendered":"<div><img decoding=\"async\" src=\"https:\/\/microscopemedia.com\/wp-content\/uploads\/2026\/04\/fifa-vrea-sa-relaxeze-regulamentul-privind-cartonasele-galbene-pentru-campionatul-mondial.jpg\" class=\"ff-og-image-inserted\"><\/div>\n<p id=\"p-0\">FIFA inten\u021bioneaz\u0103 s\u0103 instituie o a doua perioad\u0103 de \u201eamnistie\u201d pentru cartona\u0219ele galbene \u00een cadrul Campionatului Mondial din 2026, a raportat luni The Athletic, citat de <span><a href=\"https:\/\/www.lefigaro.fr\/sports\/football\/coupe-du-monde\/coupe-du-monde-2026-la-fifa-va-alleger-son-reglement-sur-les-cartons-jaunes-20260428\" target=\"_blank\" rel=\"noopener\">Le Figaro<\/a><\/span>.<\/p>\n<p id=\"p-1\">Consiliul FIFA se va reuni mar\u021bi la Vancouver pentru a discuta noile reguli \u00een vederea primului turneu cu 48 de echipe din istoria Campionatului Mondial.<\/p>\n<p id=\"p-2\">Conform unor informa\u021bii, aceasta ar include o amnistie suplimentar\u0103 pentru cartona\u0219ele galbene, pentru a reduce riscul ca juc\u0103torii s\u0103 rateze meciurile din faza eliminatorie din cauza acumul\u0103rii de cartona\u0219e.<\/p>\n<p id=\"p-3\">La Campionatele Mondiale anterioare, cartona\u0219ele galbene ale juc\u0103torilor erau \u0219terse dup\u0103 sferturile de final\u0103, dar de data aceasta FIFA inten\u021bioneaz\u0103 s\u0103 le \u0219tearg\u0103 la sf\u00e2r\u0219itul fazei grupelor \u0219i dup\u0103 sferturile de final\u0103.<\/p>\n<p id=\"p-4\">Un juc\u0103tor care prime\u0219te dou\u0103 cartona\u0219e galbene este, de obicei, suspendat pentru un meci.<\/p>\n<p id=\"p-5\">Cu doua\u0103 perioade de amnistie, un juc\u0103tor va fi suspendat pentru acumularea de cartona\u0219e galbene numai dac\u0103 prime\u0219te dou\u0103 cartona\u0219e \u00een cursul celor trei meciuri din faza grupelor sau dou\u0103 \u00een cursul fazei eliminatorii dinaintea semifinalelor.<\/p>\n","protected":false},"excerpt":{"rendered":"<p>FIFA inten\u021bioneaz\u0103 s\u0103 instituie o a doua perioad\u0103 de \u201eamnistie\u201d pentru cartona\u0219ele galbene \u00een cadrul Campionatului Mondial din 2026, a raportat luni The Athletic, citat de Le Figaro. Consiliul FIFA &hellip; <a href=\"https:\/\/microscopemedia.com\/?p=689697\" class=\"more-link\">Read More<\/a><\/p>\n","protected":false},"author":1,"featured_media":689698,"comment_status":"closed","ping_status":"closed","sticky":false,"template":"Default","format":"standard","meta":[],"categories":[1],"tags":[],"_links":{"self":[{"href":"https:\/\/microscopemedia.com\/index.php?rest_route=\/wp\/v2\/posts\/689697"}],"collection":[{"href":"https:\/\/microscopemedia.com\/index.php?rest_route=\/wp\/v2\/posts"}],"about":[{"href":"https:\/\/microscopemedia.com\/index.php?rest_route=\/wp\/v2\/types\/post"}],"author":[{"embeddable":true,"href":"https:\/\/microscopemedia.com\/index.php?rest_route=\/wp\/v2\/users\/1"}],"replies":[{"embeddable":true,"href":"https:\/\/microscopemedia.com\/index.php?rest_route=%2Fwp%2Fv2%2Fcomments&post=689697"}],"version-history":[{"count":0,"href":"https:\/\/microscopemedia.com\/index.php?rest_route=\/wp\/v2\/posts\/689697\/revisions"}],"wp:featuredmedia":[{"embeddable":true,"href":"https:\/\/microscopemedia.com\/index.php?rest_route=\/wp\/v2\/media\/689698"}],"wp:attachment":[{"href":"https:\/\/microscopemedia.com\/index.php?rest_route=%2Fwp%2Fv2%2Fmedia&parent=689697"}],"wp:term":[{"taxonomy":"category","embeddable":true,"href":"https:\/\/microscopemedia.com\/index.php?rest_route=%2Fwp%2Fv2%2Fcategories&post=689697"},{"taxonomy":"post_tag","embeddable":true,"href":"https:\/\/microscopemedia.com\/index.php?rest_route=%2Fwp%2Fv2%2Ftags&post=689697"}],"curies":[{"name":"wp","href":"https:\/\/api.w.org\/{rel}","templated":true}]}}