{"id":689699,"date":"2026-04-28T08:56:04","date_gmt":"2026-04-28T08:56:04","guid":{"rendered":"https:\/\/microscopemedia.com\/?p=689699"},"modified":"2026-04-28T08:56:04","modified_gmt":"2026-04-28T08:56:04","slug":"protest-in-piata-victoriei-organizat-de-confederatia-meridian-sute-de-sindicalisti-au-iesit-in-strada-pentru-a-si-cere-drepturile","status":"publish","type":"post","link":"https:\/\/microscopemedia.com\/?p=689699","title":{"rendered":"Protest \u00een Pia\u021ba Victoriei, organizat de Confedera\u021bia Meridian: Sute de sindicali\u0219ti au ie\u0219it \u00een strad\u0103 pentru a-\u0219i cere drepturile"},"content":{"rendered":"<p id=\"p-0\">Mar\u021bi, \u00een Pia\u021ba Victoriei, \u00een intervalul orar 10:30 \u2013 14:30, are loc un miting de protest organizat de Confedera\u0163ia Sindical\u0103 Na\u0163ional\u0103 Meridian, la care iau parte sindicali\u0219ti din diverse domenii de activitate: silvicultur\u0103, transport feroviar, administra\u0163ie public\u0103, poli\u0163ie, \u00eenv\u0103\u0163\u0103m\u00e2nt, s\u0103n\u0103tate, minerit \u0219i siderurgie.<\/p>\n<div class=\"single__inline-gallery color-white mg-bottom-20 bg-black padding-5 md:rounded-10\">\n<div class=\"md:rounded-5 display-grid xs:grid-cols-2 grid-cols-3 gap-5\">\n<div class=\"single__inline-gallery-image relative column-span-2 row-span-2\">\n                <a href=\"https:\/\/www.mediafax.ro\/poze\/protest-organizat-de-confederatia-meridian-sute-de-sindicalisti-prezenti-in-piata-victoriei-23727710\"><br \/>\n                    <img decoding=\"async\" loading=\"lazy\" src=\"https:\/\/microscopemedia.com\/wp-content\/uploads\/2026\/04\/protest-in-piata-victoriei-organizat-de-confederatia-meridian-sute-de-sindicalisti-au-iesit-in-strada-pentru-a-si-cere-drepturile.jpg\" width=\"700\" height=\"450\"><br \/>\n                <\/a>\n                            <\/div>\n<div class=\"single__inline-gallery-image relative \">\n                <a href=\"https:\/\/www.mediafax.ro\/poze\/protest-organizat-de-confederatia-meridian-sute-de-sindicalisti-prezenti-in-piata-victoriei-23727710\"><br \/>\n                    <img decoding=\"async\" loading=\"lazy\" src=\"https:\/\/microscopemedia.com\/wp-content\/uploads\/2026\/04\/protest-in-piata-victoriei-organizat-de-confederatia-meridian-sute-de-sindicalisti-au-iesit-in-strada-pentru-a-si-cere-drepturile-1.jpg\" width=\"700\" height=\"450\"><br \/>\n                <\/a>\n                            <\/div>\n<\/p><\/div>\n<\/p><\/div>\n<p id=\"p-1\">Sindicali\u015ftii se declar\u0103 nemul\u0163umi\u0163i de \u201em\u0103suri guvernamentale\u201d de reform\u0103 adoptate \u00een ultima perioad\u0103 f\u0103r\u0103 dialog social real, \u201ecare nu doar c\u0103 nu au produs rezultatul scontat, dar au afectat grav nivelul de trai\u201d.<\/p>\n<p id=\"p-2\">Ace\u015ftia consider\u0103 c\u0103 m\u0103surile luate \u00een numele redres\u0103rii bugetului sunt antieuropene \u0219i au dus la agravarea crizei economico-financiare.<\/p>\n<p id=\"p-4\">La momentul redact\u0103rii acestei \u0219tiri, \u00een Pia\u021ba Victoriei s-au adunat sute de persoane. Acestea au venit cu vuvuzele \u0219i pancarte cu diverse mesaje, printre care \u201eNu face\u021bi experimente cu p\u0103durile statului\u201d \u0219i \u201eAusteritatea voastr\u0103 \u2013 s\u0103r\u0103cia noastr\u0103\u201d.<\/p>\n<p id=\"p-5\">\u201eNu mai accept\u0103m austeritatea suportat\u0103 exclusiv de cet\u0103\u0163eni, inechitatea, lipsa de respect \u0219i taxarea excesiv\u0103 a muncii! Prin acest miting de protest ar\u0103t\u0103m Guvernului Rom\u00e2niei c\u0103 nu suntem de acord cu m\u0103surile antisociale \u0219i retrograde adoptate imediat dup\u0103 alegerile controversate din \u021bara noastr\u0103! Solicit\u0103m actualului \u0219i viitoarelor guverne responsabilitate, competen\u021b\u0103 \u0219i asumarea calit\u0103\u021bii de partener onest \u00een dialogul social!\u201d, au spus organizatorii \u00eentr-o postare pe Facebook.<\/p>\n<p id=\"p-6\">Mitingul de mar\u021bi are loc de Ziua Mondial\u0103 pentru Securitate \u015fi S\u0103n\u0103tate la Locul de Munc\u0103 marcat\u0103 anual la 28 aprilie la ini\u0163iativa Organiza\u0163iei Interna\u0163ionale a Muncii \u015fi \u00een apropierea Zilei Interna\u0163ionale a Muncii.<\/p>\n","protected":false},"excerpt":{"rendered":"<p>Mar\u021bi, \u00een Pia\u021ba Victoriei, \u00een intervalul orar 10:30 \u2013 14:30, are loc un miting de protest organizat de Confedera\u0163ia Sindical\u0103 Na\u0163ional\u0103 Meridian, la care iau parte sindicali\u0219ti din diverse domenii &hellip; <a href=\"https:\/\/microscopemedia.com\/?p=689699\" class=\"more-link\">Read More<\/a><\/p>\n","protected":false},"author":1,"featured_media":689700,"comment_status":"closed","ping_status":"closed","sticky":false,"template":"Default","format":"standard","meta":[],"categories":[1],"tags":[],"_links":{"self":[{"href":"https:\/\/microscopemedia.com\/index.php?rest_route=\/wp\/v2\/posts\/689699"}],"collection":[{"href":"https:\/\/microscopemedia.com\/index.php?rest_route=\/wp\/v2\/posts"}],"about":[{"href":"https:\/\/microscopemedia.com\/index.php?rest_route=\/wp\/v2\/types\/post"}],"author":[{"embeddable":true,"href":"https:\/\/microscopemedia.com\/index.php?rest_route=\/wp\/v2\/users\/1"}],"replies":[{"embeddable":true,"href":"https:\/\/microscopemedia.com\/index.php?rest_route=%2Fwp%2Fv2%2Fcomments&post=689699"}],"version-history":[{"count":0,"href":"https:\/\/microscopemedia.com\/index.php?rest_route=\/wp\/v2\/posts\/689699\/revisions"}],"wp:featuredmedia":[{"embeddable":true,"href":"https:\/\/microscopemedia.com\/index.php?rest_route=\/wp\/v2\/media\/689700"}],"wp:attachment":[{"href":"https:\/\/microscopemedia.com\/index.php?rest_route=%2Fwp%2Fv2%2Fmedia&parent=689699"}],"wp:term":[{"taxonomy":"category","embeddable":true,"href":"https:\/\/microscopemedia.com\/index.php?rest_route=%2Fwp%2Fv2%2Fcategories&post=689699"},{"taxonomy":"post_tag","embeddable":true,"href":"https:\/\/microscopemedia.com\/index.php?rest_route=%2Fwp%2Fv2%2Ftags&post=689699"}],"curies":[{"name":"wp","href":"https:\/\/api.w.org\/{rel}","templated":true}]}}