{"id":689705,"date":"2026-04-28T09:46:03","date_gmt":"2026-04-28T09:46:03","guid":{"rendered":"https:\/\/microscopemedia.com\/?p=689705"},"modified":"2026-04-28T09:46:03","modified_gmt":"2026-04-28T09:46:03","slug":"nadia-comaneci-revine-acasa-la-onesti","status":"publish","type":"post","link":"https:\/\/microscopemedia.com\/?p=689705","title":{"rendered":"Nadia Com\u0103neci revine acas\u0103, la One\u0219ti"},"content":{"rendered":"<div><img decoding=\"async\" src=\"https:\/\/microscopemedia.com\/wp-content\/uploads\/2026\/04\/nadia-comaneci-revine-acasa-la-onesti.jpg\" class=\"ff-og-image-inserted\"><\/div>\n<p id=\"p-0\">\u201eCupa interna\u021bional\u0103 Nadia Com\u0103neci \u2013 Perfect 10\u201d va fi o competi\u021bie de gimnastic\u0103 feminin\u0103 dedicat\u0103 tinerelor sportive, care va avea loc la Sala Polivalent\u0103 Nadia Com\u0103neci. Vor participa peste 200 de sportivi juniori din Rom\u00e2nia, SUA, Canada, Hong Kong, Italia, Fran\u021ba, Norvegia, Nigeria \u0219i Malta.<\/p>\n<p id=\"p-1\">Pe 31 mai, \u201eGala Campioanelor\u201d de pe stadionul Carom va fi momentul culminant al evenimentelor, o celebrare a perfec\u021biunii la care vor fi prezente marile gimnaste ale Rom\u00e2niei care \u0219i-au \u00eenceput cariera \u0219i s-au format la One\u0219ti.<\/p>\n<p id=\"p-2\">\u201eOne\u0219ti va fi mereu acas\u0103 pentru Nadia \u0219i o a\u0219tept\u0103m cu ner\u0103bdare ca s\u0103 o s\u0103rb\u0103torim. Cei 50 de ani scur\u0219i de la Jocurile Olimpice de la Montreal, unde a scris istorie, sunt ocazia ideal\u0103 pentru a-i ar\u0103ta c\u00e2t de mult este iubit\u0103 aici. Nadia a avut dintotdeauna la One\u0219ti o familie care a \u00eenso\u021bit-o de-a lungul vie\u021bii. Va fi un moment de celebrare a talentului \u0219i, totodat\u0103, o \u00eent\u00e2lnire simbolic\u0103 a genera\u021biilor \u00een locul \u00een care s-a n\u0103scut perfec\u021biunea \u0219i \u00een care continu\u0103m s\u0103 cl\u0103dim talente de talie interna\u021bional\u0103\u201d, a declarat Ingrid Istrate, directoarea CSM One\u0219ti.<\/p>\n<h2 id=\"chapter-0\">Nadia Com\u00e2neci, masterclass la Cluj<\/h2>\n<p id=\"p-3\">Nadia Com\u0103neci este invitata special\u0103 a Sports Festival 2026. Campioana care a schimbat istoria sportului prin primul 10 perfect ob\u021binut la Jocurile Olimpice va sus\u021bine, \u00een cadrul evenimentului, un masterclass. Acesta va avea loc duminic\u0103, 14 iunie, de la ora 13.00, la BTarena din Cluj- Napoca.<\/p>\n<p id=\"p-4\">\u201eUneori este nevoie de doar c\u00e2teva secunde pentru a schimba o via\u021b\u0103. 17 secunde. At\u00e2t a durat exerci\u021biul care mi-a schimbat via\u021ba \u0219i istoria gimnasticii mondiale. Dar \u00een spatele celor 17 secunde au stat milioane de secunde de antrenamente. Pentru mine, sportul a \u00eensemnat mai mult dec\u00e2t primul 10, mai mult dec\u00e2t medaliile ob\u021binute. A fost despre disciplin\u0103, curaj \u0219i dorin\u021ba de a deveni mai bun\u0103 \u00een fiecare zi. V\u0103 a\u0219tept la Masterclass-ul din cadrul Sports Festival unde v\u0103 voi d\u0103rui mult mai multe secunde de m\u0103rturisi, lec\u021bii \u0219i \u00eenv\u0103\u021b\u0103turi din sport \u0219i experien\u021bele personale, care pot fi aplicate \u00een orice domeniu. Va fi o \u00eent\u00e2lnire sincer\u0103, un dialog deschis \u0219i, sper, o surs\u0103 de inspira\u021bie \u0219i motiva\u021bie pentru to\u021bi cei care cred \u00een puterea visurilor construite prin munc\u0103 \u0219i pasiune\u201d, a declarat Nadia Com\u00e2neci.<\/p>\n<p id=\"p-5\">Masterclass-ul programat la Cluj-Napoca va aduce publicului ocazia unei \u00eent\u00e2lniri directe cu sportiva care a devenit un reper pentru genera\u021bii \u00eentregi. Evenimentul va pune \u00een prim-plan teme care dep\u0103\u0219esc performan\u021ba sportiv\u0103 propriu-zis\u0103: disciplina, presiunea marilor competi\u021bii, echilibrul, motiva\u021bia \u0219i parcursul din spatele unei cariere construite la cel mai \u00eenalt nivel.<\/p>\n","protected":false},"excerpt":{"rendered":"<p>\u201eCupa interna\u021bional\u0103 Nadia Com\u0103neci \u2013 Perfect 10\u201d va fi o competi\u021bie de gimnastic\u0103 feminin\u0103 dedicat\u0103 tinerelor sportive, care va avea loc la Sala Polivalent\u0103 Nadia Com\u0103neci. Vor participa peste 200 &hellip; <a href=\"https:\/\/microscopemedia.com\/?p=689705\" class=\"more-link\">Read More<\/a><\/p>\n","protected":false},"author":1,"featured_media":689706,"comment_status":"closed","ping_status":"closed","sticky":false,"template":"Default","format":"standard","meta":[],"categories":[1],"tags":[],"_links":{"self":[{"href":"https:\/\/microscopemedia.com\/index.php?rest_route=\/wp\/v2\/posts\/689705"}],"collection":[{"href":"https:\/\/microscopemedia.com\/index.php?rest_route=\/wp\/v2\/posts"}],"about":[{"href":"https:\/\/microscopemedia.com\/index.php?rest_route=\/wp\/v2\/types\/post"}],"author":[{"embeddable":true,"href":"https:\/\/microscopemedia.com\/index.php?rest_route=\/wp\/v2\/users\/1"}],"replies":[{"embeddable":true,"href":"https:\/\/microscopemedia.com\/index.php?rest_route=%2Fwp%2Fv2%2Fcomments&post=689705"}],"version-history":[{"count":0,"href":"https:\/\/microscopemedia.com\/index.php?rest_route=\/wp\/v2\/posts\/689705\/revisions"}],"wp:featuredmedia":[{"embeddable":true,"href":"https:\/\/microscopemedia.com\/index.php?rest_route=\/wp\/v2\/media\/689706"}],"wp:attachment":[{"href":"https:\/\/microscopemedia.com\/index.php?rest_route=%2Fwp%2Fv2%2Fmedia&parent=689705"}],"wp:term":[{"taxonomy":"category","embeddable":true,"href":"https:\/\/microscopemedia.com\/index.php?rest_route=%2Fwp%2Fv2%2Fcategories&post=689705"},{"taxonomy":"post_tag","embeddable":true,"href":"https:\/\/microscopemedia.com\/index.php?rest_route=%2Fwp%2Fv2%2Ftags&post=689705"}],"curies":[{"name":"wp","href":"https:\/\/api.w.org\/{rel}","templated":true}]}}