{"id":689707,"date":"2026-04-28T09:56:04","date_gmt":"2026-04-28T09:56:04","guid":{"rendered":"https:\/\/microscopemedia.com\/?p=689707"},"modified":"2026-04-28T09:56:04","modified_gmt":"2026-04-28T09:56:04","slug":"vicepremier-despre-motiunea-de-cenzura-impotriva-guvernului-cu-mare-probabilitate-o-sa-treaca-guvernul-o-sa-fie-schimbat","status":"publish","type":"post","link":"https:\/\/microscopemedia.com\/?p=689707","title":{"rendered":"Vicepremier, despre mo\u021biunea de cenzur\u0103 \u00eempotriva Guvernului: Cu mare probabilitate o s\u0103 treac\u0103, Guvernul o s\u0103 fie schimbat"},"content":{"rendered":"<div><img decoding=\"async\" src=\"https:\/\/microscopemedia.com\/wp-content\/uploads\/2026\/04\/vicepremier-despre-motiunea-de-cenzura-impotriva-guvernului-cu-mare-probabilitate-o-sa-treaca-guvernul-o-sa-fie-schimbat.jpg\" class=\"ff-og-image-inserted\"><\/div>\n<p id=\"p-0\">Vicepremierul Tanczos Barna a sus\u021binut mar\u021bi o conferin\u021b\u0103 de pres\u0103 cu ocazia prelu\u0103rii mandatului interimar de ministru al Agriculturii. Acesta a vorbit \u0219i despre actuala situa\u021bie politic\u0103 din \u021bar\u0103, \u00een contextul \u00een care s\u0103pt\u0103m\u00e2na trecut\u0103, PSD a decis retragerea sprijinului politic pentru premierul Ilie Bolojan, iar la \u00eenceputul acestei s\u0103pt\u0103m\u00e2ni, PSD \u0219i AUR au anun\u021bat c\u0103 vor depune o mo\u021biune de cenzur\u0103 \u00eempotriva Guvernului.<\/p>\n<p id=\"p-1\">Tanczos Barna a afirmat c\u0103 s\u0103pt\u0103m\u00e2na viitoare exist\u0103 o mare probabilitate ca mo\u0163iunea de cenzur\u0103 s\u0103 treac\u0103, Guvernul s\u0103 fie schimbat \u015fi apoi vor \u00eencepe negocierile pentru formarea unei noi majorit\u0103\u0163i.<\/p>\n<p id=\"p-2\">\u201eS\u0103pt\u0103m\u00e2na viitoare avem mo\u0163iune de cenzur\u0103 cu certitudine. Cu mare probabilitate mo\u0163iunea de cenzur\u0103 o s\u0103 treac\u0103, Guvernul o s\u0103 fie schimbat. Avem un anun\u0163 din partea celor mai mari dou\u0103 partide cu privire la un demers comun, ca s\u0103 nu folosesc o expresie care a fost negat\u0103 ieri toat\u0103 ziua. Deci un demers comun, PSD \u2013 AUR, pentru a trece o mo\u0163iune de cenzur\u0103. Prin aceast\u0103 mo\u0163iune de cenzur\u0103, Guvernul Bolojan o s\u0103 fie schimbat\u201d, a afirmat Tanczos Barna \u00een cadrul conferin\u021bei de pres\u0103.<\/p>\n<h2 id=\"chapter-0\">Tanczos Barna: toate variantele sunt posibile<\/h2>\n<p id=\"p-3\">Vicepremierul a ad\u0103ugat c\u0103 \u00een cazul \u00een care mo\u021biunea va trece, noua majoritate poate fi cea creat\u0103 pentru a d\u0103r\u00e2ma Guvernul sau poate fi alta, ad\u0103ug\u00e2nd c\u0103 toate variantele sunt posibile \u00een acest moment.<\/p>\n<p id=\"p-4\">\u201e\u00cencep negocierile pentru formarea unei noi majorit\u0103\u0163i. Acea nou\u0103 majoritate poate s\u0103 fie majoritatea care s-a creat pentru a pica Guvernul Bolojan sau poate s\u0103 fie o alt\u0103 majoritate. Depinde foarte mult de timpul care va curge din momentul trecerii mo\u0163iunii \u015fi p\u00e2n\u0103 la formarea unei coali\u0163ii care asigur\u0103 o majoritate sau solu\u0163ia politic\u0103 pentru un guvern minoritar. Cred c\u0103, \u00een momentul de fa\u0163\u0103, toate op\u0163iunile sunt pe mas\u0103 \u015fi toate variantele sunt posibile. Vedem ce se va \u00eent\u00e2mpla s\u0103pt\u0103m\u00e2na viitoare\u201d, a explicat Tanczos Barna.<\/p>\n<p id=\"p-5\">Luni, PSD \u0219i AUR au anun\u021bat c\u0103 <span><a href=\"https:\/\/www.mediafax.ro\/breaking-news\/psd-si-aur-vor-initia-impreuna-o-motiune-de-cenzura-impotriva-guvernului-bolojan-reactii-vehemente-din-pnl-ce-pozitie-are-udmr-23727035\">vor ini\u021bia \u00eempreun\u0103 o mo\u021biune de cenzur\u0103<\/a> <\/span>\u00eempotriva Guvernului Bolojan. Mar\u021bi, cele dou\u0103 forma\u021biuni au finalizat textul mo\u021biunii, care face referire la \u201edistrugerea economiei, de s\u0103r\u0103cire a popula\u021biei \u0219i de v\u00e2nzare frauduloas\u0103 a averii statului\u201d de c\u0103tre actualul Executiv. Textul integral al mo\u021biunii poate fi citit<strong><span><a href=\"https:\/\/www.mediafax.ro\/stirile-zilei\/document-motiunea-de-cenzura-psd-aur-acuza-guvernul-bolojan-ca-nu-mai-guverneaza-in-interesul-romaniei-peste-240-de-semnaturi-au-fost-stranse-pentru-demiterea-actualului-executiv-23727715\"> AICI<\/a><\/span><\/strong>.<\/p>\n","protected":false},"excerpt":{"rendered":"<p>Vicepremierul Tanczos Barna a sus\u021binut mar\u021bi o conferin\u021b\u0103 de pres\u0103 cu ocazia prelu\u0103rii mandatului interimar de ministru al Agriculturii. Acesta a vorbit \u0219i despre actuala situa\u021bie politic\u0103 din \u021bar\u0103, \u00een &hellip; <a href=\"https:\/\/microscopemedia.com\/?p=689707\" class=\"more-link\">Read More<\/a><\/p>\n","protected":false},"author":1,"featured_media":689708,"comment_status":"closed","ping_status":"closed","sticky":false,"template":"Default","format":"standard","meta":[],"categories":[1],"tags":[],"_links":{"self":[{"href":"https:\/\/microscopemedia.com\/index.php?rest_route=\/wp\/v2\/posts\/689707"}],"collection":[{"href":"https:\/\/microscopemedia.com\/index.php?rest_route=\/wp\/v2\/posts"}],"about":[{"href":"https:\/\/microscopemedia.com\/index.php?rest_route=\/wp\/v2\/types\/post"}],"author":[{"embeddable":true,"href":"https:\/\/microscopemedia.com\/index.php?rest_route=\/wp\/v2\/users\/1"}],"replies":[{"embeddable":true,"href":"https:\/\/microscopemedia.com\/index.php?rest_route=%2Fwp%2Fv2%2Fcomments&post=689707"}],"version-history":[{"count":0,"href":"https:\/\/microscopemedia.com\/index.php?rest_route=\/wp\/v2\/posts\/689707\/revisions"}],"wp:featuredmedia":[{"embeddable":true,"href":"https:\/\/microscopemedia.com\/index.php?rest_route=\/wp\/v2\/media\/689708"}],"wp:attachment":[{"href":"https:\/\/microscopemedia.com\/index.php?rest_route=%2Fwp%2Fv2%2Fmedia&parent=689707"}],"wp:term":[{"taxonomy":"category","embeddable":true,"href":"https:\/\/microscopemedia.com\/index.php?rest_route=%2Fwp%2Fv2%2Fcategories&post=689707"},{"taxonomy":"post_tag","embeddable":true,"href":"https:\/\/microscopemedia.com\/index.php?rest_route=%2Fwp%2Fv2%2Ftags&post=689707"}],"curies":[{"name":"wp","href":"https:\/\/api.w.org\/{rel}","templated":true}]}}