{"id":689713,"date":"2026-04-28T10:26:03","date_gmt":"2026-04-28T10:26:03","guid":{"rendered":"https:\/\/microscopemedia.com\/?p=689713"},"modified":"2026-04-28T10:26:03","modified_gmt":"2026-04-28T10:26:03","slug":"parlamentul-european-a-votat-pentru-ridicarea-imunitatii-dianei-sosoaca","status":"publish","type":"post","link":"https:\/\/microscopemedia.com\/?p=689713","title":{"rendered":"Parlamentul European a votat pentru ridicarea imunit\u0103\u021bii Dianei \u0218o\u0219oac\u0103"},"content":{"rendered":"<div><img decoding=\"async\" src=\"https:\/\/microscopemedia.com\/wp-content\/uploads\/2026\/04\/parlamentul-european-a-votat-pentru-ridicarea-imunitatii-dianei-sosoaca.jpg\" class=\"ff-og-image-inserted\"><\/div>\n<p data-start=\"88\" data-end=\"288\" id=\"p-0\">Plenul Parlamentului European a aprobat mar\u021bi ridicarea imunit\u0103\u021bii europarlamentarei Diana Iovanovici \u0218o\u0219oac\u0103 pentru mai multe fapte invocate de autorit\u0103\u021bile rom\u00e2ne \u00een cererea transmis\u0103 la Strasbourg.<\/p>\n<p data-start=\"290\" data-end=\"438\" id=\"p-1\">Decizia privind ridicarea imunit\u0103\u021bii pentru punctele B, C, D, E, F, G \u0219i H din raport a fost aprobat\u0103. Punctele vizeaz\u0103 acuza\u021bii de lipsire de libertate \u00een mod ilegal, glorificarea unor persoane condamnate pentru crime de r\u0103zboi, declara\u021bii cu caracter antisemit, promovarea unor idei legionare, rasiste sau xenofobe, precum \u0219i ultraj, dup\u0103 ce aceasta ar fi amenin\u021bat doi poli\u021bi\u0219ti afla\u021bi \u00een exercitarea atribu\u021biilor de serviciu.<\/p>\n<p id=\"p-2\">\u00cen schimb, Parlamentul European a aprobat propunerea <strong>de a nu ridica imunitatea<\/strong> \u00een cazul punctului I, referitor la un discurs sus\u021binut de Diana \u0218o\u0219oac\u0103 \u00een plenul Parlamentului European la 11 februarie 2025, \u00een care aceasta ar fi f\u0103cut referiri la Nicolae Ceau\u0219escu..<\/p>\n<h2 id=\"chapter-0\">Ce efect are votul<\/h2>\n<p id=\"p-3\">Votul permite procurorilor rom\u00e2ni s\u0103 continue cercet\u0103rile \u00een dosarul penal \u00een care este vizat\u0103 Diana \u0218o\u0219oac\u0103. Ridicarea imunit\u0103\u021bii nu reprezint\u0103 o condamnare \u0219i nu se pronun\u021b\u0103 asupra vinov\u0103\u021biei, ci elimin\u0103 un obstacol procedural \u00een calea anchetei.<\/p>\n<p id=\"p-4\">Cererea de ridicare a imunit\u0103\u021bii a fost transmis\u0103 Parlamentului European \u00een 2025, \u00een leg\u0103tur\u0103 cu o procedur\u0103 penal\u0103 deschis\u0103 \u00een Rom\u00e2nia. Potrivit raportului discutat \u00een Parlamentul European, cazul vizeaz\u0103 mai multe presupuse infrac\u021biuni care ar fi fost comise \u00een perioada 10 decembrie 2021 \u2013 11 februarie 2025.<\/p>\n<p id=\"p-5\">S\u0103pt\u0103m\u00e2na trecut\u0103, Comisia pentru afaceri juridice a Parlamentului European, JURI, avizase favorabil solicitarea de ridicare a imunit\u0103\u021bii, cu 17 voturi \u201epentru\u201d, niciun vot \u201e\u00eempotriv\u0103\u201d \u0219i o ab\u021binere.<\/p>\n<p id=\"p-6\">Diana \u0218o\u0219oac\u0103, pre\u0219edinta S.O.S. Rom\u00e2nia, este cercetat\u0103 pentru 11 infrac\u021biuni, \u00eentre care propagand\u0103 legionar\u0103, promovarea cultului unor persoane condamnate pentru crime de r\u0103zboi, negarea Holocaustului, dar \u0219i fapte precum lipsirea de libertate \u00een mod ilegal \u0219i ultraj.<\/p>\n<p id=\"p-7\">Europarlamentara beneficiaz\u0103 de prezum\u021bia de nevinov\u0103\u021bie pe tot parcursul procedurilor judiciare.<\/p>\n<h2 id=\"chapter-1\">Punctele unde s-a ridicat imunitatea<\/h2>\n<p data-start=\"135\" data-end=\"264\" id=\"p-8\">B \u2013 acuza\u021bia de lipsire de libertate \u00een mod ilegal, \u00eentr-un incident din 10 decembrie 2021, \u00eentr-un apartament din Bucure\u0219ti.<\/p>\n<p data-start=\"266\" data-end=\"415\" id=\"p-9\">C \u2013 acuza\u021bia de glorificare a unei persoane condamnate pentru crime de r\u0103zboi, printr-un comunicat publicat pe site-ul partidului S.O.S. Rom\u00e2nia.<\/p>\n<p data-start=\"417\" data-end=\"501\" id=\"p-10\">D \u2013 declara\u021bii publice cu caracter antisemit, inclusiv pe Facebook, \u00een mai 2024.<\/p>\n<p data-start=\"503\" data-end=\"636\" id=\"p-11\">E \u2013 alte declara\u021bii f\u0103cute \u00een Parlamentul Rom\u00e2niei, prin care ar fi acuzat colectiv evreii de crime istorice \u00eempotriva rom\u00e2nilor.<\/p>\n<p data-start=\"638\" data-end=\"798\" id=\"p-12\">F \u2013 declara\u021bii online din octombrie 2024 privind glorificarea unor persoane \u0219i mi\u0219c\u0103ri asociate cu crime de r\u0103zboi \u0219i acuza\u021bii colective la adresa evreilor.<\/p>\n<p data-start=\"800\" data-end=\"964\" id=\"p-13\">G \u2013 declara\u021bii din 1 decembrie 2024 privind glorificarea unei persoane condamnate pentru crime de r\u0103zboi \u0219i promovarea unor idei legionare, rasiste \u0219i xenofobe.<\/p>\n<p data-start=\"966\" data-end=\"1079\" data-is-last-node data-is-only-node id=\"p-14\">H \u2013 acuza\u021bia de ultraj, dup\u0103 ce ar fi amenin\u021bat doi poli\u021bi\u0219ti afla\u021bi \u00een exercitarea atribu\u021biilor de serviciu.<\/p>\n","protected":false},"excerpt":{"rendered":"<p>Plenul Parlamentului European a aprobat mar\u021bi ridicarea imunit\u0103\u021bii europarlamentarei Diana Iovanovici \u0218o\u0219oac\u0103 pentru mai multe fapte invocate de autorit\u0103\u021bile rom\u00e2ne \u00een cererea transmis\u0103 la Strasbourg. Decizia privind ridicarea imunit\u0103\u021bii pentru &hellip; <a href=\"https:\/\/microscopemedia.com\/?p=689713\" class=\"more-link\">Read More<\/a><\/p>\n","protected":false},"author":1,"featured_media":689714,"comment_status":"closed","ping_status":"closed","sticky":false,"template":"Default","format":"standard","meta":[],"categories":[1],"tags":[],"_links":{"self":[{"href":"https:\/\/microscopemedia.com\/index.php?rest_route=\/wp\/v2\/posts\/689713"}],"collection":[{"href":"https:\/\/microscopemedia.com\/index.php?rest_route=\/wp\/v2\/posts"}],"about":[{"href":"https:\/\/microscopemedia.com\/index.php?rest_route=\/wp\/v2\/types\/post"}],"author":[{"embeddable":true,"href":"https:\/\/microscopemedia.com\/index.php?rest_route=\/wp\/v2\/users\/1"}],"replies":[{"embeddable":true,"href":"https:\/\/microscopemedia.com\/index.php?rest_route=%2Fwp%2Fv2%2Fcomments&post=689713"}],"version-history":[{"count":0,"href":"https:\/\/microscopemedia.com\/index.php?rest_route=\/wp\/v2\/posts\/689713\/revisions"}],"wp:featuredmedia":[{"embeddable":true,"href":"https:\/\/microscopemedia.com\/index.php?rest_route=\/wp\/v2\/media\/689714"}],"wp:attachment":[{"href":"https:\/\/microscopemedia.com\/index.php?rest_route=%2Fwp%2Fv2%2Fmedia&parent=689713"}],"wp:term":[{"taxonomy":"category","embeddable":true,"href":"https:\/\/microscopemedia.com\/index.php?rest_route=%2Fwp%2Fv2%2Fcategories&post=689713"},{"taxonomy":"post_tag","embeddable":true,"href":"https:\/\/microscopemedia.com\/index.php?rest_route=%2Fwp%2Fv2%2Ftags&post=689713"}],"curies":[{"name":"wp","href":"https:\/\/api.w.org\/{rel}","templated":true}]}}