{"id":689719,"date":"2026-04-28T10:56:03","date_gmt":"2026-04-28T10:56:03","guid":{"rendered":"https:\/\/microscopemedia.com\/?p=689719"},"modified":"2026-04-28T10:56:03","modified_gmt":"2026-04-28T10:56:03","slug":"mexic-cartelul-jalisco-din-nou-lovit-armata-captureaza-un-lider-cheie-dupa-el-mencho","status":"publish","type":"post","link":"https:\/\/microscopemedia.com\/?p=689719","title":{"rendered":"Mexic: cartelul Jalisco, din nou lovit. Armata captureaz\u0103 un lider-cheie dup\u0103 \u201eEl Mencho\u201d"},"content":{"rendered":"<div><img decoding=\"async\" src=\"https:\/\/microscopemedia.com\/wp-content\/uploads\/2026\/04\/mexic-cartelul-jalisco-din-nou-lovit-armata-captureaza-un-lider-cheie-dupa-el-mencho.jpg\" class=\"ff-og-image-inserted\"><\/div>\n<p id=\"p-0\">Audias Flores Silva, cunoscut sub mai multe aliasuri, inclusiv \u201eEl Jardinero\u201d sau \u201eThe Gardener\u201d, a fost re\u021binut de armat\u0103 \u00een statul Nayarit, unde se ascundea \u00eentr-un \u0219an\u021b de pe marginea drumului, \u00een apropierea localit\u0103\u021bii El Mirador, arat\u0103 <a href=\"https:\/\/www.euronews.com\/2026\/04\/28\/mexican-army-captures-top-cartel-boss-in-another-blow-to-jalisco-new-generation\" target=\"_blank\" rel=\"noopener\">Euronews<\/a>. Potrivit autorit\u0103\u021bilor, opera\u021biunea s-a desf\u0103\u0219urat f\u0103r\u0103 victime sau r\u0103ni\u021bi. Flores Silva era considerat unul dintre principalii locotenen\u021bi ai fostului lider al cartelului, Nemesio Oseguera Cervantes, \u0219i un posibil succesor al acestuia.<\/p>\n<h2 id=\"chapter-0\">Recompens\u0103 de milioane \u0219i rol strategic \u00een cartel<\/h2>\n<p id=\"p-1\">Statele Unite oferiser\u0103 o recompens\u0103 de 5 milioane de dolari pentru informa\u021bii care s\u0103 duc\u0103 la capturarea lui Flores Silva. Acesta era responsabil de securitatea liderului cartelului \u0219i coordona produc\u021bia \u0219i traficul de droguri \u00een mai multe regiuni, inclusiv Jalisco, Nayarit, statul Mexico \u0219i Zacatecas. El fusese anterior arestat \u00een SUA, unde a executat o pedeaps\u0103 de cinci ani pentru trafic de droguri, iar ulterior, \u00een 2016, fusese re\u021binut \u0219i \u00een Mexic pentru implicarea \u00eentr-un atac asupra poli\u021biei, fiind eliberat trei ani mai t\u00e2rziu.<\/p>\n<h2 id=\"chapter-1\">Violen\u021b\u0103 dup\u0103 eliminarea lui&nbsp;\u201eEl Mencho\u201d<\/h2>\n<p id=\"p-2\">Capturarea vine la dou\u0103 luni dup\u0103 moartea lui \u201eEl Mencho\u201d, \u00een urma unei opera\u021biuni militare majore. Evenimentul a declan\u0219at un val de violen\u021be, inclusiv incendieri de vehicule, atacuri asupra afacerilor \u0219i blocaje rutiere, soldate cu peste 70 de mor\u021bi, printre care \u0219i membri ai G\u0103rzii Na\u021bionale. \u00cen pofida acestor violen\u021be, autorit\u0103\u021bile mexicane au prezentat eliminarea liderului cartelului drept un succes important \u00een lupta \u00eempotriva crimei organizate, \u00eentr-un context \u00een care administra\u021bia pre\u0219edintei Claudia Sheinbaum a adoptat o abordare mai dur\u0103 fa\u021b\u0103 de carteluri.<\/p>\n<h2 id=\"chapter-2\">Re\u021belele criminale se pot reface rapid<\/h2>\n<p id=\"p-3\">Ambasadorul SUA \u00een Mexic, Ronald Johnson, a salutat capturarea, afirm\u00e2nd c\u0103 aceasta reprezint\u0103 \u201eun pas important\u201d \u00een combaterea re\u021belelor implicate \u00een traficul de fentanyl. Potrivit Drug Enforcement Administration, cartelul Jalisco opereaz\u0103 \u00een majoritatea statelor mexicane \u0219i \u0219i-a extins activit\u0103\u021bile \u00een aproximativ 100 de \u021b\u0103ri, inclusiv \u00een Statele Unite. Exper\u021bii avertizeaz\u0103 \u00eens\u0103 c\u0103 astfel de lovituri nu sunt suficiente pentru destructurarea complet\u0103 a cartelurilor. Analistul de securitate David Saucedo a subliniat c\u0103 aceste grup\u0103ri \u201ese pot reinventa rapid\u201d, chiar \u0219i dup\u0103 pierderea liderilor. Astfel, cartelul <a href=\"https:\/\/www.mediafax.ro\/externe\/liderul-cartelului-jalisco-el-mencho-inmormantat-intr-un-sicriu-de-aur-la-guadalajara-23696146\" target=\"_blank\" rel=\"noopener\">Jalisco New Generation<\/a> r\u0103m\u00e2ne \u00eenc\u0103 una dintre cele mai influente organiza\u021bii criminale din emisfera vestic\u0103.<\/p>\n","protected":false},"excerpt":{"rendered":"<p>Audias Flores Silva, cunoscut sub mai multe aliasuri, inclusiv \u201eEl Jardinero\u201d sau \u201eThe Gardener\u201d, a fost re\u021binut de armat\u0103 \u00een statul Nayarit, unde se ascundea \u00eentr-un \u0219an\u021b de pe marginea &hellip; <a href=\"https:\/\/microscopemedia.com\/?p=689719\" class=\"more-link\">Read More<\/a><\/p>\n","protected":false},"author":1,"featured_media":689720,"comment_status":"closed","ping_status":"closed","sticky":false,"template":"Default","format":"standard","meta":[],"categories":[1],"tags":[],"_links":{"self":[{"href":"https:\/\/microscopemedia.com\/index.php?rest_route=\/wp\/v2\/posts\/689719"}],"collection":[{"href":"https:\/\/microscopemedia.com\/index.php?rest_route=\/wp\/v2\/posts"}],"about":[{"href":"https:\/\/microscopemedia.com\/index.php?rest_route=\/wp\/v2\/types\/post"}],"author":[{"embeddable":true,"href":"https:\/\/microscopemedia.com\/index.php?rest_route=\/wp\/v2\/users\/1"}],"replies":[{"embeddable":true,"href":"https:\/\/microscopemedia.com\/index.php?rest_route=%2Fwp%2Fv2%2Fcomments&post=689719"}],"version-history":[{"count":0,"href":"https:\/\/microscopemedia.com\/index.php?rest_route=\/wp\/v2\/posts\/689719\/revisions"}],"wp:featuredmedia":[{"embeddable":true,"href":"https:\/\/microscopemedia.com\/index.php?rest_route=\/wp\/v2\/media\/689720"}],"wp:attachment":[{"href":"https:\/\/microscopemedia.com\/index.php?rest_route=%2Fwp%2Fv2%2Fmedia&parent=689719"}],"wp:term":[{"taxonomy":"category","embeddable":true,"href":"https:\/\/microscopemedia.com\/index.php?rest_route=%2Fwp%2Fv2%2Fcategories&post=689719"},{"taxonomy":"post_tag","embeddable":true,"href":"https:\/\/microscopemedia.com\/index.php?rest_route=%2Fwp%2Fv2%2Ftags&post=689719"}],"curies":[{"name":"wp","href":"https:\/\/api.w.org\/{rel}","templated":true}]}}