{"id":689721,"date":"2026-04-28T11:06:04","date_gmt":"2026-04-28T11:06:04","guid":{"rendered":"https:\/\/microscopemedia.com\/?p=689721"},"modified":"2026-04-28T11:06:04","modified_gmt":"2026-04-28T11:06:04","slug":"principalele-masuri-economice-pe-care-aur-le-ar-adopta-daca-ar-fi-la-guvernare-simion-reducerea-cheltuielilor-statului-si-exploatarea-resurselor-naturale","status":"publish","type":"post","link":"https:\/\/microscopemedia.com\/?p=689721","title":{"rendered":"Principalele m\u0103suri economice pe care AUR le-ar adopta dac\u0103 ar fi la guvernare. Simion: \u201eReducerea cheltuielilor statului \u0219i exploatarea resurselor naturale\u201d"},"content":{"rendered":"<div><img decoding=\"async\" src=\"https:\/\/microscopemedia.com\/wp-content\/uploads\/2026\/04\/principalele-masuri-economice-pe-care-aur-le-ar-adopta-daca-ar-fi-la-guvernare-simion-reducerea-cheltuielilor-statului-si-exploatarea-resurselor-naturale.jpg\" class=\"ff-og-image-inserted\"><\/div>\n<p data-start=\"106\" data-end=\"445\" id=\"p-0\">Liderul AUR, <span class=\"hover:entity-accent entity-underline inline cursor-pointer align-baseline\"><span class=\"whitespace-normal\">George Simion<\/span><\/span>, a vorbit mar\u021bi, la Radio Rom\u00e2nia Actualit\u0103\u021bi, despre principalele m\u0103suri economice pe care le-ar adopta forma\u021biunea sa \u00een cazul \u00een care ar ajunge la guvernare.<\/p>\n<p data-start=\"106\" data-end=\"445\" id=\"p-1\">Ca r\u0103spuns, George Simion a declarat c\u0103 ar insista pe reducerea cheltuielilor publice, sc\u0103derea tax\u0103rii muncii \u0219i valorificarea resurselor naturale ale \u021b\u0103rii.<\/p>\n<p data-start=\"106\" data-end=\"445\" id=\"p-2\">\u201eE nevoie de reducerea cheltuielilor statului, e nevoie de exploatarea resurselor naturale \u0219i este nevoie de oprirea poverii mult prea mari asupra muncii, at\u00e2t asupra cet\u0103\u021benilor c\u00e2t \u0219i asupra companiilor. Pl\u0103tim cel mai mare impozit pe salariu minim din \u021bar\u0103, nu este un mediu competitiv pentru ca antreprenorii rom\u00e2ni s\u0103 se dezvolte.\u201d, a spus Simion.<\/p>\n<p data-start=\"923\" data-end=\"1052\" id=\"p-3\">Simion a criticat modelul economic actual din \u021bar\u0103 \u0219i a sus\u021binut c\u0103 Rom\u00e2nia export\u0103 prea mult\u0103 materie prim\u0103 \u00een loc s\u0103 dezvolte industrii locale:<\/p>\n<p data-start=\"1054\" data-end=\"1191\" id=\"p-4\">\u201eDin p\u0103cate export\u0103m materie prim\u0103, export\u0103m cereale \u00een loc s\u0103 cre\u0103m aici, export\u0103m gaz natural \u00een loc s\u0103 investim \u00een combinate chimice.\u201d, a spus el.<\/p>\n<p data-start=\"1193\" data-end=\"1297\" id=\"p-5\">\u00cen acela\u0219i context, liderul AUR a oferit \u0219i c\u00e2teva exemple concrete legate de sectorul energetic \u0219i industrial.<\/p>\n<p data-start=\"1299\" data-end=\"1630\" id=\"p-6\">\u201eAvem combinate chimice, \u00eenc\u0103 func\u021bioneaz\u0103. Noi am venit, m-am deplasat cu colegii mei Petri\u0219or Peiu \u0219i Dan Dungaciu la T\u00e2rgu Mure\u0219, am oferit solu\u021bia pentru Azomure\u0219 \u00een condi\u021biile \u00een care ROMGAZ poate aduce la poarta combinatului gaz ieftin. Avem la Caragele \u00een jude\u021bul Buz\u0103u onshore, avem \u00een Marea Neagr\u0103 offshore gaze naturale.\u201d<\/p>\n<p data-start=\"1632\" data-end=\"1763\" id=\"p-7\">Potrivit acestuia, Rom\u00e2nia ar trebui s\u0103 revin\u0103 la un model economic bazat pe produc\u021bie intern\u0103 \u0219i valorificarea resurselor proprii.<\/p>\n<p data-start=\"1765\" data-end=\"1978\" id=\"p-8\">\u201eAcest sector petrochimic \u00een care Rom\u00e2nia a excelat odat\u0103, combinatele sunt tot acolo, oamenii sunt tot acolo, \u00eenc\u0103 avem oameni profesioni\u0219ti, altfel ajungem \u00een situa\u021bia de a \u00eenchide \u0219i de a nu pune nimic \u00een loc.\u201d, a spus Simion.<\/p>\n<p data-start=\"1980\" data-end=\"2120\" id=\"p-9\"><span class=\"hover:entity-accent entity-underline inline cursor-pointer align-baseline\"><span class=\"whitespace-normal\">Pre\u0219edintele AUR<\/span><\/span> a vorbit \u0219i despre conceptul de \u201esuveranism economic\u201d, pe care \u00eel vede compatibil cu economia global\u0103.<\/p>\n<p data-start=\"1980\" data-end=\"2120\" id=\"p-10\">\u201e\u00cen\u021belegem acest suveranism economic ca parte a lumii libere, ca parte a unei economii globale \u0219i vede\u021bi c\u0103 este o goan\u0103 dup\u0103 metale rare \u0219i dup\u0103 bog\u0103\u021bii minerale \u00een acest moment \u00een toat\u0103 lumea.\u201d<\/p>\n<p data-start=\"1980\" data-end=\"2120\" id=\"p-11\">\u201eEste p\u0103cat ca familiile rom\u00e2ne\u0219ti, \u00een loc s\u0103 fie \u00eencurajate prin programe specifice s\u0103 \u00ee\u0219i creasc\u0103 pruncii \u00een \u021bar\u0103, s\u0103 fie trimise \u00een \u021b\u0103ri din Europa unde muncitorii rom\u00e2ni sunt aprecia\u021bi. Agricultura care se presteaz\u0103 \u00een mare parte de c\u0103tre rom\u00e2nii \u00een Germania \u0219i Spania poate fi realizat\u0103 \u0219i \u00een Rom\u00e2nia.\u201d<\/p>\n","protected":false},"excerpt":{"rendered":"<p>Liderul AUR, George Simion, a vorbit mar\u021bi, la Radio Rom\u00e2nia Actualit\u0103\u021bi, despre principalele m\u0103suri economice pe care le-ar adopta forma\u021biunea sa \u00een cazul \u00een care ar ajunge la guvernare. Ca &hellip; <a href=\"https:\/\/microscopemedia.com\/?p=689721\" class=\"more-link\">Read More<\/a><\/p>\n","protected":false},"author":1,"featured_media":689722,"comment_status":"closed","ping_status":"closed","sticky":false,"template":"Default","format":"standard","meta":[],"categories":[1],"tags":[],"_links":{"self":[{"href":"https:\/\/microscopemedia.com\/index.php?rest_route=\/wp\/v2\/posts\/689721"}],"collection":[{"href":"https:\/\/microscopemedia.com\/index.php?rest_route=\/wp\/v2\/posts"}],"about":[{"href":"https:\/\/microscopemedia.com\/index.php?rest_route=\/wp\/v2\/types\/post"}],"author":[{"embeddable":true,"href":"https:\/\/microscopemedia.com\/index.php?rest_route=\/wp\/v2\/users\/1"}],"replies":[{"embeddable":true,"href":"https:\/\/microscopemedia.com\/index.php?rest_route=%2Fwp%2Fv2%2Fcomments&post=689721"}],"version-history":[{"count":0,"href":"https:\/\/microscopemedia.com\/index.php?rest_route=\/wp\/v2\/posts\/689721\/revisions"}],"wp:featuredmedia":[{"embeddable":true,"href":"https:\/\/microscopemedia.com\/index.php?rest_route=\/wp\/v2\/media\/689722"}],"wp:attachment":[{"href":"https:\/\/microscopemedia.com\/index.php?rest_route=%2Fwp%2Fv2%2Fmedia&parent=689721"}],"wp:term":[{"taxonomy":"category","embeddable":true,"href":"https:\/\/microscopemedia.com\/index.php?rest_route=%2Fwp%2Fv2%2Fcategories&post=689721"},{"taxonomy":"post_tag","embeddable":true,"href":"https:\/\/microscopemedia.com\/index.php?rest_route=%2Fwp%2Fv2%2Ftags&post=689721"}],"curies":[{"name":"wp","href":"https:\/\/api.w.org\/{rel}","templated":true}]}}