{"id":689727,"date":"2026-04-28T11:46:04","date_gmt":"2026-04-28T11:46:04","guid":{"rendered":"https:\/\/microscopemedia.com\/?p=689727"},"modified":"2026-04-28T11:46:04","modified_gmt":"2026-04-28T11:46:04","slug":"a-batut-george-simion-palma-cu-psd-liderul-aur-nu-avem-ce-sa-discutam-in-acest-moment-despre-o-coalitie-de-guvernamant-cu-psd","status":"publish","type":"post","link":"https:\/\/microscopemedia.com\/?p=689727","title":{"rendered":"A b\u0103tut George Simion palma cu PSD? Liderul AUR: \u201eNu avem ce s\u0103 discut\u0103m \u00een acest moment despre o coali\u021bie de guvern\u0103m\u00e2nt cu PSD\u201d"},"content":{"rendered":"<div><img decoding=\"async\" src=\"https:\/\/microscopemedia.com\/wp-content\/uploads\/2026\/04\/a-batut-george-simion-palma-cu-psd-liderul-aur-nu-avem-ce-sa-discutam-in-acest-moment-despre-o-coalitie-de-guvernamant-cu-psd.jpg\" class=\"ff-og-image-inserted\"><\/div>\n<p id=\"p-0\">Liderul AUR, George Simion, a respins mar\u021bi, \u00eentr-o conferin\u021b\u0103 de pres\u0103, acuza\u021biile potrivit c\u0103rora ar fi \u00eenc\u0103lcat promisiunile f\u0103cute aleg\u0103torilor \u00een ceea ce prive\u0219te o eventual\u0103 colaborare cu PSD.<\/p>\n<p id=\"p-1\">\u00cenainte de alegerile parlamentare din 2024, George Simion afirma c\u0103 exclude orice \u00een\u021belegere cu social-democra\u021bii \u0219i c\u0103, \u00een cazul unei guvern\u0103ri comune, \u0219i-ar da demisia din func\u021biile publice.<\/p>\n<p id=\"p-2\">El a declarat: \u201eNu bat palma cu PSD, eu sunt singurul capabil s\u0103 termin cu PSD-ul \u00een Rom\u00e2nia. Dac\u0103 intr\u0103m la guvernare cu PSD, \u00eemi dau demisia din toate func\u021biile\u201d.<\/p>\n<p id=\"p-3\">\u00centrebat direct dac\u0103 \u0219i-a \u201e\u00eenc\u0103lcat cuv\u00e2ntul\u201d dup\u0103 ce anterior a spus c\u0103 nu va colabora cu PSD, liderul AUR a spus c\u0103 sus\u021bine ceea ce a declarat \u0219i c\u0103 nu exist\u0103 o coali\u021bie de guvernare.<\/p>\n<p data-start=\"637\" data-end=\"957\" id=\"p-4\">\u201eAm v\u0103zut pe toate paginile de Facebook \u0219i \u00een toate re\u021belele \u0219i la posturi de televiziune o declara\u021bie a mea din 2024 \u00een campania pentru alegerile preziden\u021biale \u00een care, dac\u0103 v\u0103 ve\u021bi uita atent, am spus c\u0103 nu vom face o coali\u021bie de guvernare. Nu, nu mi-am \u00een\u0219elat aleg\u0103torii \u0219i aleg\u0103torii no\u0219tri sunt \u00een spatele nostru.\u201d, a spus Simion.<\/p>\n<p data-start=\"959\" data-end=\"1051\" id=\"p-5\">Acesta a sus\u021binut c\u0103 anumite declara\u021bii sunt scoase din context \u0219i folosite \u00een scop politic:<\/p>\n<p data-start=\"1053\" data-end=\"1401\" id=\"p-6\">\u201e\u00cen ultimele 24 de ore, circul\u0103 pe re\u021belele de socializare un clip \u00een care eu la Sebastian Zachman spun c\u0103 nu voi face o coali\u021bie de guvernare cu PSD-ul. Spun chestiunea asta suficient de clar \u00eenc\u00e2t s\u0103 \u00een\u021beleag\u0103 toat\u0103 lumea \u0219i prin depunerea acestei mo\u021biuni \u00eencearc\u0103 unii \u0219i al\u021bii s\u0103 acrediteze c\u0103 iat\u0103, s-au pupat mirii. Asta este propaganda lor.\u201d<\/p>\n<p data-start=\"1053\" data-end=\"1401\" id=\"p-7\">\u201eNu avem ce s\u0103 discut\u0103m \u00een acest moment despre o coali\u021bie de guvern\u0103m\u00e2nt cu Partidul Social-Democrat. Respectiv, eu mi-am onorat promisiunea.\u201d, a continuat Simion.<\/p>\n<p data-start=\"1656\" data-end=\"1782\" id=\"p-8\">\u00cen acela\u0219i timp, liderul AUR a declarat c\u0103 \u0219i alte forma\u021biuni politice, d\u00e2nd exemplu de USR, ar trebui s\u0103 dea explica\u021bii privind guvernarea.<\/p>\n<p data-start=\"1784\" data-end=\"1984\" id=\"p-9\">\u201eAr fi bine ca cineva s\u0103 se duc\u0103 c\u0103tre domnul Ilie Bolojan, s\u0103 se duc\u0103 c\u0103tre USR, pentru c\u0103 ei au fost \u00een pact \u00een ultimele zece luni \u0219i s\u0103 explice oamenilor c\u0103 ei au compus o coali\u021bie de guvern\u0103m\u00e2nt.\u201d, a spus el.<\/p>\n<p data-start=\"1986\" data-end=\"2115\" id=\"p-10\">Totodat\u0103, George Simion a explicat \u0219i motivul pentru care AUR a decis s\u0103 sus\u021bin\u0103 mo\u021biunea de cenzur\u0103 \u00eempreun\u0103 cu PSD.<\/p>\n<p data-start=\"2117\" data-end=\"2300\" id=\"p-11\">\u201eAUR este un partid democratic care are, dup\u0103 lovitura de stat din 6 decembrie 2024, inten\u021bia s\u0103 foloseasc\u0103 toate p\u00e2rghiile posibile \u0219i imposibile ca Rom\u00e2nia s\u0103 revin\u0103 la democra\u021bie.\u201d<\/p>\n<p data-start=\"2117\" data-end=\"2300\" id=\"p-12\">\u201eA acuza AUR c\u0103 a depus o mo\u021biune de cenzur\u0103 c\u00e2nd \u0219i-a pus semn\u0103tura c\u0103 a ini\u021biat acest act este o mojicie. Repet, nu ne este fric\u0103 \u0219i avem proprietatea termenilor.\u201d<\/p>\n","protected":false},"excerpt":{"rendered":"<p>Liderul AUR, George Simion, a respins mar\u021bi, \u00eentr-o conferin\u021b\u0103 de pres\u0103, acuza\u021biile potrivit c\u0103rora ar fi \u00eenc\u0103lcat promisiunile f\u0103cute aleg\u0103torilor \u00een ceea ce prive\u0219te o eventual\u0103 colaborare cu PSD. \u00cenainte &hellip; <a href=\"https:\/\/microscopemedia.com\/?p=689727\" class=\"more-link\">Read More<\/a><\/p>\n","protected":false},"author":1,"featured_media":689728,"comment_status":"closed","ping_status":"closed","sticky":false,"template":"Default","format":"standard","meta":[],"categories":[1],"tags":[],"_links":{"self":[{"href":"https:\/\/microscopemedia.com\/index.php?rest_route=\/wp\/v2\/posts\/689727"}],"collection":[{"href":"https:\/\/microscopemedia.com\/index.php?rest_route=\/wp\/v2\/posts"}],"about":[{"href":"https:\/\/microscopemedia.com\/index.php?rest_route=\/wp\/v2\/types\/post"}],"author":[{"embeddable":true,"href":"https:\/\/microscopemedia.com\/index.php?rest_route=\/wp\/v2\/users\/1"}],"replies":[{"embeddable":true,"href":"https:\/\/microscopemedia.com\/index.php?rest_route=%2Fwp%2Fv2%2Fcomments&post=689727"}],"version-history":[{"count":0,"href":"https:\/\/microscopemedia.com\/index.php?rest_route=\/wp\/v2\/posts\/689727\/revisions"}],"wp:featuredmedia":[{"embeddable":true,"href":"https:\/\/microscopemedia.com\/index.php?rest_route=\/wp\/v2\/media\/689728"}],"wp:attachment":[{"href":"https:\/\/microscopemedia.com\/index.php?rest_route=%2Fwp%2Fv2%2Fmedia&parent=689727"}],"wp:term":[{"taxonomy":"category","embeddable":true,"href":"https:\/\/microscopemedia.com\/index.php?rest_route=%2Fwp%2Fv2%2Fcategories&post=689727"},{"taxonomy":"post_tag","embeddable":true,"href":"https:\/\/microscopemedia.com\/index.php?rest_route=%2Fwp%2Fv2%2Ftags&post=689727"}],"curies":[{"name":"wp","href":"https:\/\/api.w.org\/{rel}","templated":true}]}}