{"id":689733,"date":"2026-04-28T12:26:07","date_gmt":"2026-04-28T12:26:07","guid":{"rendered":"https:\/\/microscopemedia.com\/?p=689733"},"modified":"2026-04-28T12:26:07","modified_gmt":"2026-04-28T12:26:07","slug":"multumesc-romaniei-maia-sandu-l-a-gratiat-si-predat-pe-fostul-sef-al-sis-alexandru-balan-in-belarus-la-schimb-cu-un-cetatean-moldovean-captiv-in-rusia-balan-a-fost-acuzat-de-tra","status":"publish","type":"post","link":"https:\/\/microscopemedia.com\/?p=689733","title":{"rendered":"\u201eMul\u021bumesc Rom\u00e2niei\u201d. Maia Sandu l-a gra\u021biat \u0219i predat pe fostul \u0219ef al SIS, Alexandru B\u0103lan, \u00een Belarus, la schimb cu un cet\u0103\u021bean moldovean captiv \u00een Rusia. B\u0103lan a fost acuzat de tr\u0103dare. Medierea, cu sprijinul SUA"},"content":{"rendered":"<div><img decoding=\"async\" src=\"https:\/\/microscopemedia.com\/wp-content\/uploads\/2026\/04\/multumesc-romaniei-maia-sandu-l-a-gratiat-si-predat-pe-fostul-sef-al-sis-alexandru-balan-in-belarus-la-schimb-cu-un-cetatean-moldovean-captiv-in-rusia-balan-a-fost-acuzat-de-tra.webp\" class=\"ff-og-image-inserted\"><\/div>\n<div class=\"xdj266r x14z9mp xat24cr x1lziwak x1vvkbs x126k92a\" readability=\"11\">\n<p>\u201eRepublica Moldova a reu\u0219it s\u0103 elibereze \u0219i s\u0103 aduc\u0103 acas\u0103 doi cet\u0103\u021beni moldoveni afla\u021bi \u00een captivitate \u00een Rusia. Ambii, fiind angaja\u021bi ai Serviciului de Informa\u021bii \u0219i Securitate, au fost elibera\u021bi \u0219i re\u00eentor\u0219i autorit\u0103\u021bilor noastre \u00eentr-un schimb interna\u021bional de persoane.<\/p>\n<\/div>\n<div class=\"x14z9mp xat24cr x1lziwak x1vvkbs xtlvy1s x126k92a\" readability=\"15\">\n<p>\u00cei mul\u021bumesc Pre\u0219edintelui Trump pentru implicarea sa \u0219i a administra\u021biei SUA \u00een succesul acestei ac\u021biuni.<\/p>\n<p>Le mul\u021bumesc tuturor partenerilor \u2013 din SUA, Polonia \u0219i Rom\u00e2nia, pentru implicare la fiecare etap\u0103 a procesului \u0219i pentru sprijinul acordat autorit\u0103\u021bilor noastre. Le sunt recunosc\u0103toare tuturor institu\u021biilor noastre pentru profesionalism \u0219i cooperarea interna\u021bional\u0103 realizat\u0103 la cel mai \u00eenalt nivel care a f\u0103cut posibil\u0103 salvarea ofi\u021berilor no\u0219tri.<\/p>\n<\/div>\n<div class=\"x14z9mp xat24cr x1lziwak x1vvkbs xtlvy1s x126k92a\" readability=\"12\">\n<p>Aceast\u0103 opera\u021biune este \u00een desf\u0103\u0219urare de multe luni, sub coordonarea Serviciului de Informa\u021bii \u0219i Securitate, iar anumite detalii nu au putut fi oferite \u00een public pentru a nu pune \u00een pericol toat\u0103 opera\u021biunea, dar \u0219i via\u021ba celor doi cet\u0103\u021beni moldoveni.<\/p>\n<\/div>\n<div class=\"x14z9mp xat24cr x1lziwak x1vvkbs xtlvy1s x126k92a\" readability=\"11.549107142857\">\n<div dir=\"auto\" readability=\"18.65625\">Pentru a-i putea readuce acas\u0103, \u00een urma unei opera\u021biuni complexe, cei 2 ofi\u021beri au fost schimba\u021bi, dup\u0103 cum s-a solicitat de cealalt\u0103 parte, cu alte dou\u0103 persoane: un cet\u0103\u021bean al Federa\u021biei Ruse, Popova Nina, care ac\u021biona \u00eempotriva statului Republica Moldova, \u0219i <span><strong><a href=\"https:\/\/balkaninsight.com\/2025\/09\/09\/romania-grills-moldovan-ex-intelligence-official-suspected-of-spying-for-belarus\/bi\/\">Alexandru B\u0103lan, cet\u0103\u021bean al Republicii Moldova<\/a><\/strong><\/span>, acuzat de tr\u0103dare de \u021bar\u0103 \u00een interesul KGB-ului din Belarus, care a fost gra\u021biat pentru a putea pleca \u00een Belarus.<\/div>\n<\/div>\n<div class=\"x14z9mp xat24cr x1lziwak x1vvkbs xtlvy1s x126k92a\" readability=\"11\">\n<p>Pentru \u021bara noastr\u0103 este un c\u00e2\u0219tig care nu poate fi m\u0103surat printr-o simpl\u0103 ecua\u021bie matematic\u0103 \u2013 noi am readus acas\u0103 doi cet\u0103\u021beni care lucreaz\u0103 pentru Republica Moldova renun\u021b\u00e2nd, \u00een schimb, la 2 de\u021binu\u021bi care au lucrat \u00eempotriva Republicii Moldova.<\/p>\n<\/div>\n<div class=\"x14z9mp xat24cr x1lziwak x1vvkbs xtlvy1s x126k92a\" readability=\"9.1962209302326\">\n<div dir=\"auto\" readability=\"13.552325581395\">Ofi\u021berii no\u0219tri sunt \u00een drum spre cas\u0103 \u0219i \u00eei a\u0219tept\u0103m s\u0103 ajung\u0103 cu bine! Este important ca ofi\u021berii s\u0103 treac\u0103 toate testele medicale \u2013 prioritatea noastr\u0103 este s\u0103 ne asigur\u0103m c\u0103 sunt s\u0103n\u0103to\u0219i \u0219i primesc, \u00een caz de necesitate, tratamentele de care au nevoie\u201d, este mesajul pre\u0219edintelui Republicii Moldova, <strong><span><a href=\"https:\/\/www.mediafax.ro\/externe\/maia-sandu-discutii-in-letonia-o-moldova-europeana-nu-poate-fi-destabilizata-si-nu-poate-fi-folosita-ca-punct-de-presiune-impotriva-continentului-23713406\">Maia Sandu.<\/a><\/span><\/strong><\/div>\n<\/div>\n<p>\u00cen urma activit\u0103\u021bilor desf\u0103\u0219urate de c\u0103tre poli\u021bi\u0219tii Direc\u021biei de Combatere a Criminalit\u0103\u021bii Organizate din cadrul Inspectoratului General al Poli\u021biei Rom\u00e2ne, \u00eempreun\u0103 cu procurorii Direc\u021biei de Investigare a Infrac\u021biunilor de Criminalitate Organizata \u0219i Terorism \u2013 Structura Central\u0103, la data de 9 septembrie 2025, a fost dispus\u0103 re\u021binerea acestuia \u0219i ulterior arestarea preventiv\u0103, fiind cercetat pentru s\u0103v\u00e2r\u0219irea infrac\u021biunii de tentativ\u0103 la tr\u0103dare prin transmitere de informa\u021bii secrete de stat, \u00een forma continuat\u0103.<\/p>\n<p>Ancheta, desf\u0103\u0219urat\u0103 sub egida EUROJUST, a beneficiat de sprijinul serviciilor de informa\u021bii din Rom\u00e2nia, Ungaria \u0219i Cehia, precum \u0219i de sprijinul procurorilor din Ungaria, Cehia \u0219i Republica Moldova.<\/p>\n<div dir=\"auto\" readability=\"18.4765625\">\n<p id=\"p-0\">Fostul ofi\u021ber al Serviciului de Informa\u021bii \u0219i Securitate din Republica Moldova,&nbsp;<a href=\"https:\/\/www.mediafax.ro\/externe\/fostul-adjunct-al-securitatii-din-rep-moldova-acuzat-de-tradare-va-fi-predat-autoritatilor-de-peste-prut-23724972\" target=\"_blank\" rel=\"noopener\">Alexandru B\u0103lan<\/a>, este acuzat c\u0103 a transmis informa\u021bii secrete de stat c\u0103tre ofi\u021beri KGB din Belarus, \u00een \u00eent\u00e2lniri desf\u0103\u0219urate la Budapesta.<\/p>\n<p id=\"p-1\">Potrivit anchetatorilor, \u00eencep\u00e2nd cu 2024 \u0219i p\u00e2n\u0103 \u00een prezent, b\u0103rbatul, fost ofi\u021ber cu func\u021bii de conducere \u00een cadrul Serviciului de Informa\u021bii \u0219i Securitate al Republicii Moldova, ar fi divulgat&nbsp;<a href=\"https:\/\/www.mediafax.ro\/politic\/scandalul-alexandru-balan-diicot-il-acuza-de-tradare-pentru-kgb-belarus-usr-il-leaga-de-aur-23608239\" target=\"_blank\" rel=\"noopener\">informa\u021bii clasificate<\/a>&nbsp;unor reprezentan\u021bi ai unei puteri str\u0103ine.<\/p>\n<\/div>\n","protected":false},"excerpt":{"rendered":"<p>\u201eRepublica Moldova a reu\u0219it s\u0103 elibereze \u0219i s\u0103 aduc\u0103 acas\u0103 doi cet\u0103\u021beni moldoveni afla\u021bi \u00een captivitate \u00een Rusia. Ambii, fiind angaja\u021bi ai Serviciului de Informa\u021bii \u0219i Securitate, au fost elibera\u021bi &hellip; <a href=\"https:\/\/microscopemedia.com\/?p=689733\" class=\"more-link\">Read More<\/a><\/p>\n","protected":false},"author":1,"featured_media":689734,"comment_status":"closed","ping_status":"closed","sticky":false,"template":"Default","format":"standard","meta":[],"categories":[1],"tags":[],"_links":{"self":[{"href":"https:\/\/microscopemedia.com\/index.php?rest_route=\/wp\/v2\/posts\/689733"}],"collection":[{"href":"https:\/\/microscopemedia.com\/index.php?rest_route=\/wp\/v2\/posts"}],"about":[{"href":"https:\/\/microscopemedia.com\/index.php?rest_route=\/wp\/v2\/types\/post"}],"author":[{"embeddable":true,"href":"https:\/\/microscopemedia.com\/index.php?rest_route=\/wp\/v2\/users\/1"}],"replies":[{"embeddable":true,"href":"https:\/\/microscopemedia.com\/index.php?rest_route=%2Fwp%2Fv2%2Fcomments&post=689733"}],"version-history":[{"count":0,"href":"https:\/\/microscopemedia.com\/index.php?rest_route=\/wp\/v2\/posts\/689733\/revisions"}],"wp:featuredmedia":[{"embeddable":true,"href":"https:\/\/microscopemedia.com\/index.php?rest_route=\/wp\/v2\/media\/689734"}],"wp:attachment":[{"href":"https:\/\/microscopemedia.com\/index.php?rest_route=%2Fwp%2Fv2%2Fmedia&parent=689733"}],"wp:term":[{"taxonomy":"category","embeddable":true,"href":"https:\/\/microscopemedia.com\/index.php?rest_route=%2Fwp%2Fv2%2Fcategories&post=689733"},{"taxonomy":"post_tag","embeddable":true,"href":"https:\/\/microscopemedia.com\/index.php?rest_route=%2Fwp%2Fv2%2Ftags&post=689733"}],"curies":[{"name":"wp","href":"https:\/\/api.w.org\/{rel}","templated":true}]}}