{"id":689735,"date":"2026-04-28T12:36:04","date_gmt":"2026-04-28T12:36:04","guid":{"rendered":"https:\/\/microscopemedia.com\/?p=689735"},"modified":"2026-04-28T12:36:04","modified_gmt":"2026-04-28T12:36:04","slug":"abrudean-vom-avea-un-birou-reunit-al-celor-doua-camere-in-care-stabilim-calendarul-motiunii","status":"publish","type":"post","link":"https:\/\/microscopemedia.com\/?p=689735","title":{"rendered":"Abrudean: Vom avea un birou reunit al celor dou\u0103 camere \u00een care stabilim calendarul mo\u021biunii"},"content":{"rendered":"<div><img decoding=\"async\" src=\"https:\/\/microscopemedia.com\/wp-content\/uploads\/2026\/04\/abrudean-vom-avea-un-birou-reunit-al-celor-doua-camere-in-care-stabilim-calendarul-motiunii.jpg\" class=\"ff-og-image-inserted\"><\/div>\n<p id=\"p-0\">\u201eAm avut suficiente mo\u021biuni \u00eenc\u00e2t s\u0103 \u0219tim ce avem de f\u0103cut\u201d, a spus Abrudean.<\/p>\n<p id=\"p-1\">\u00centrebat dac\u0103 PNL va g\u0103si sus\u021binerea pentru Ilie Bolojan, Abrudean a spus c\u0103 PNL \u0219i-a ar\u0103tat sus\u021binerea pentru Ilie Bolojan \u00een repetate r\u00e2nduri, prin voturi succesive \u00een forurile de conducere.<\/p>\n<p id=\"p-2\">\u201e\u00cen continuare vom face tot ceea ce este posibil pentru a bloca aceast\u0103 mo\u021biune de cenzur\u0103, a\u0219a cum, de altfel, este normal s\u0103 se \u00eent\u00e2mple. Nu sunt motive, din punctul nostru de vedere, pentru aceast\u0103 criz\u0103 politic\u0103 \u0219i guvernamental\u0103 generat\u0103 de PSD cu sprijinul AUR\u201d, a mai spus pre\u0219edintele Senatului.<\/p>\n<p id=\"p-3\">Abrudean a mai spus c\u0103 dac\u0103 aceast\u0103 mo\u021biune de cenzur\u0103 va trece, \u201eevident c\u0103 este responsabilitatea PSD \u0219i a AUR s\u0103 propun\u0103 o formul\u0103 de guvernare \u0219i s\u0103 ob\u021bin\u0103 o sus\u021binere parlamentar\u0103 \u00een acest sens\u201d.<\/p>\n<p id=\"p-4\">\u201ePentru c\u0103 asta este regula \u00een democra\u021bie: cine d\u0103r\u00e2m\u0103 un guvern trebuie s\u0103 pun\u0103 ceva \u00een loc, adic\u0103 s\u0103 vin\u0103 \u0219i cu solu\u021bia. Nu e suficient s\u0103 generezi o criz\u0103 politic\u0103 economic\u0103 \u0219i s\u0103 atragi toate riscurile asupra Rom\u00e2niei, pentru c\u0103 aici suntem, \u00een aceast\u0103 situa\u021bie suntem. \u00centr-o perioad\u0103 \u00een care avem \u0219i un eveniment de politic\u0103 extern\u0103 extrem de important, aici avem Summit-ul B9 pe 13 mai, c\u00e2nd vor veni lideri politici \u0219i lideri ai \u021b\u0103rilor de pe flancul estic, inclusiv secretarul general NATO, noi s\u0103 fim \u00eentr-o situa\u021bie de instabilitate politic\u0103 arat\u0103, cred eu, iresponsabilitate \u0219i p\u00e2n\u0103 la urm\u0103 vor trebui s\u0103 vin\u0103 \u0219i cu solu\u021bie\u201d, a spus ircea Abrudean.<\/p>\n<p id=\"p-5\">Chestionar asupra posibilit\u0103\u021bii de a exista un guvern nou p\u00e2n\u0103 la summit-ul B9, Abrudean a r\u0103spuns c\u0103 \u201etehnic este posibil\u201d, dar nu crede c\u0103 acest lucru se va \u00eent\u00e2mpla.<\/p>\n<p id=\"p-6\">\u201eSigur c\u0103 pe calendar acest lucru este posibil. Dup\u0103 cum \u0219ti\u021bi, dac\u0103 guvernul pic\u0103 la mo\u021biune, exist\u0103 o perioad\u0103 de interimat p\u00e2n\u0103 c\u00e2nd se g\u0103se\u0219te o nou\u0103 majoritate, pre\u0219edintele desemneaz\u0103 un prim-ministru care trebuie s\u0103-\u0219i ob\u021bin\u0103 un vot \u00een Parlament. Tehnic este posibil, practic nu cred c\u0103 se va \u00eent\u00e2mpla acest lucru\u201d, a r\u0103spune pre\u0219edintele Senatului.<\/p>\n","protected":false},"excerpt":{"rendered":"<p>\u201eAm avut suficiente mo\u021biuni \u00eenc\u00e2t s\u0103 \u0219tim ce avem de f\u0103cut\u201d, a spus Abrudean. \u00centrebat dac\u0103 PNL va g\u0103si sus\u021binerea pentru Ilie Bolojan, Abrudean a spus c\u0103 PNL \u0219i-a ar\u0103tat &hellip; <a href=\"https:\/\/microscopemedia.com\/?p=689735\" class=\"more-link\">Read More<\/a><\/p>\n","protected":false},"author":1,"featured_media":689736,"comment_status":"closed","ping_status":"closed","sticky":false,"template":"Default","format":"standard","meta":[],"categories":[1],"tags":[],"_links":{"self":[{"href":"https:\/\/microscopemedia.com\/index.php?rest_route=\/wp\/v2\/posts\/689735"}],"collection":[{"href":"https:\/\/microscopemedia.com\/index.php?rest_route=\/wp\/v2\/posts"}],"about":[{"href":"https:\/\/microscopemedia.com\/index.php?rest_route=\/wp\/v2\/types\/post"}],"author":[{"embeddable":true,"href":"https:\/\/microscopemedia.com\/index.php?rest_route=\/wp\/v2\/users\/1"}],"replies":[{"embeddable":true,"href":"https:\/\/microscopemedia.com\/index.php?rest_route=%2Fwp%2Fv2%2Fcomments&post=689735"}],"version-history":[{"count":0,"href":"https:\/\/microscopemedia.com\/index.php?rest_route=\/wp\/v2\/posts\/689735\/revisions"}],"wp:featuredmedia":[{"embeddable":true,"href":"https:\/\/microscopemedia.com\/index.php?rest_route=\/wp\/v2\/media\/689736"}],"wp:attachment":[{"href":"https:\/\/microscopemedia.com\/index.php?rest_route=%2Fwp%2Fv2%2Fmedia&parent=689735"}],"wp:term":[{"taxonomy":"category","embeddable":true,"href":"https:\/\/microscopemedia.com\/index.php?rest_route=%2Fwp%2Fv2%2Fcategories&post=689735"},{"taxonomy":"post_tag","embeddable":true,"href":"https:\/\/microscopemedia.com\/index.php?rest_route=%2Fwp%2Fv2%2Ftags&post=689735"}],"curies":[{"name":"wp","href":"https:\/\/api.w.org\/{rel}","templated":true}]}}