{"id":689741,"date":"2026-04-28T13:06:03","date_gmt":"2026-04-28T13:06:03","guid":{"rendered":"https:\/\/microscopemedia.com\/?p=689741"},"modified":"2026-04-28T13:06:03","modified_gmt":"2026-04-28T13:06:03","slug":"emiratele-arabe-unite-au-decis-sa-paraseasca-opec-si-opec-pretul-titeiului-a-scazut-brusc","status":"publish","type":"post","link":"https:\/\/microscopemedia.com\/?p=689741","title":{"rendered":"Emiratele Arabe Unite au decis s\u0103 p\u0103r\u0103seasc\u0103 OPEC \u0219i OPEC+. Pre\u021bul \u021bi\u021beiului a sc\u0103zut brusc"},"content":{"rendered":"<div><img decoding=\"async\" src=\"https:\/\/microscopemedia.com\/wp-content\/uploads\/2026\/04\/emiratele-arabe-unite-au-decis-sa-paraseasca-opec-si-opec-pretul-titeiului-a-scazut-brusc.webp\" class=\"ff-og-image-inserted\"><\/div>\n<p id=\"p-0\"><span><strong><a href=\"https:\/\/www.wsj.com\/world\/middle-east\/u-a-e-to-leave-opec-opec-2368bbd6?mod=hp_lead_pos1\">Emiratele Arabe Unite au decis s\u0103 p\u0103r\u0103seasc\u0103 OPEC \u0219i OPEC+<\/a><\/strong><\/span> \u00eencep\u00e2nd cu 1 mai. Decizia vine la momentul potrivit \u0219i nu va avea un impact semnificativ asupra pie\u021bei, a declarat ministrul energiei din Emiratele Arabe Unite, Suhail Al Mazrouei. \u021aara era membr\u0103 din 1967.<\/p>\n<p id=\"p-1\">Suhail al-Mazrouei a declarat c\u0103 lumea va avea nevoie de mai mult\u0103 energie \u00een viitor. P\u0103r\u0103sirea OPEC va permite cooperarea cu partenerii \u0219i investitorii pentru a satisface nevoile pie\u021bei globale a petrolului, a explicat el.<\/p>\n<p id=\"p-2\">\u00centrebat dac\u0103 Arabia Saudit\u0103 a fost consultat\u0103 \u00een luarea deciziei de a p\u0103r\u0103si OPEC, Suhail al-Mazrouei a declarat c\u0103 Emiratele Arabe Unite nu au consultat pe nimeni direct, relateaz\u0103 Reuters. Potrivit TASS, care citeaz\u0103 o surs\u0103, consecin\u021bele retragerii Emiratelor Arabe Unite din OPEC vor fi discutate la o reuniune a \u021b\u0103rilor membre OPEC \u00een iunie.<\/p>\n<p id=\"p-3\">Ca efect, <span><a href=\"https:\/\/www.mediafax.ro\/economic\/pretul-petrolului-creste-pe-fondul-retoricii-tot-mai-dure-a-lui-trump-fata-de-iran-23716054\"><strong>pre\u021bul contractelor futures<\/strong><\/a><\/span> pentru \u021bi\u021beiul Brent din iunie de la bursa ICE din Londra a sc\u0103zut cu 1,91% \u00eentr-un minut, la 110 dolari pe baril. Acest lucru s-a \u00eent\u00e2mplat imediat dup\u0103 ce Emiratele Arabe Unite au anun\u021bat c\u0103 vor p\u0103r\u0103si OPEC \u0219i OPEC+ \u00eencep\u00e2nd cu 1 mai.<\/p>\n","protected":false},"excerpt":{"rendered":"<p>Emiratele Arabe Unite au decis s\u0103 p\u0103r\u0103seasc\u0103 OPEC \u0219i OPEC+ \u00eencep\u00e2nd cu 1 mai. Decizia vine la momentul potrivit \u0219i nu va avea un impact semnificativ asupra pie\u021bei, a declarat &hellip; <a href=\"https:\/\/microscopemedia.com\/?p=689741\" class=\"more-link\">Read More<\/a><\/p>\n","protected":false},"author":1,"featured_media":689742,"comment_status":"closed","ping_status":"closed","sticky":false,"template":"Default","format":"standard","meta":[],"categories":[1],"tags":[],"_links":{"self":[{"href":"https:\/\/microscopemedia.com\/index.php?rest_route=\/wp\/v2\/posts\/689741"}],"collection":[{"href":"https:\/\/microscopemedia.com\/index.php?rest_route=\/wp\/v2\/posts"}],"about":[{"href":"https:\/\/microscopemedia.com\/index.php?rest_route=\/wp\/v2\/types\/post"}],"author":[{"embeddable":true,"href":"https:\/\/microscopemedia.com\/index.php?rest_route=\/wp\/v2\/users\/1"}],"replies":[{"embeddable":true,"href":"https:\/\/microscopemedia.com\/index.php?rest_route=%2Fwp%2Fv2%2Fcomments&post=689741"}],"version-history":[{"count":0,"href":"https:\/\/microscopemedia.com\/index.php?rest_route=\/wp\/v2\/posts\/689741\/revisions"}],"wp:featuredmedia":[{"embeddable":true,"href":"https:\/\/microscopemedia.com\/index.php?rest_route=\/wp\/v2\/media\/689742"}],"wp:attachment":[{"href":"https:\/\/microscopemedia.com\/index.php?rest_route=%2Fwp%2Fv2%2Fmedia&parent=689741"}],"wp:term":[{"taxonomy":"category","embeddable":true,"href":"https:\/\/microscopemedia.com\/index.php?rest_route=%2Fwp%2Fv2%2Fcategories&post=689741"},{"taxonomy":"post_tag","embeddable":true,"href":"https:\/\/microscopemedia.com\/index.php?rest_route=%2Fwp%2Fv2%2Ftags&post=689741"}],"curies":[{"name":"wp","href":"https:\/\/api.w.org\/{rel}","templated":true}]}}