{"id":689749,"date":"2026-04-28T13:56:03","date_gmt":"2026-04-28T13:56:03","guid":{"rendered":"https:\/\/microscopemedia.com\/?p=689749"},"modified":"2026-04-28T13:56:03","modified_gmt":"2026-04-28T13:56:03","slug":"europarlamentar-pnl-psd-si-aur-sa-si-asume-guvernarea-daca-dau-jos-cabinetul-bolojan","status":"publish","type":"post","link":"https:\/\/microscopemedia.com\/?p=689749","title":{"rendered":"Europarlamentar PNL: PSD \u0219i AUR s\u0103-\u0219i asume guvernarea dac\u0103 dau jos cabinetul Bolojan"},"content":{"rendered":"<div><img decoding=\"async\" src=\"https:\/\/microscopemedia.com\/wp-content\/uploads\/2026\/04\/europarlamentar-pnl-psd-si-aur-sa-si-asume-guvernarea-daca-dau-jos-cabinetul-bolojan.jpg\" class=\"ff-og-image-inserted\"><\/div>\n<p id=\"p-0\">\u00centr-o postare public\u0103, liberalul sus\u021bine c\u0103 PSD trateaz\u0103 diferit rela\u021bia cu AUR \u00een func\u021bie de interesul politic, accept\u00e2nd colaborarea atunci c\u00e2nd este vorba despre r\u0103sturnarea Executivului, dar resping\u00e2nd ideea unei guvern\u0103ri comune.<\/p>\n<p id=\"p-1\">\u201ePSD ne spune c\u0103 AUR este \u00abfrecventabil\u00bb doar c\u00e2nd e vorba s\u0103 dea jos Guvernul Ilie Bolojan, dar devine brusc nefrecventabil c\u00e2nd vine momentul s\u0103 guverneze \u00eempreun\u0103\u201d, a transmis <a href=\"https:\/\/www.facebook.com\/share\/p\/1HxxwFLGxr\/\" target=\"_blank\" rel=\"noopener\">Motreanu<\/a>.<\/p>\n<p id=\"p-2\">Potrivit acestuia, o mo\u021biune de cenzur\u0103 nu este doar un gest politic, ci are consecin\u021be directe asupra stabilit\u0103\u021bii \u021b\u0103rii.<\/p>\n<p id=\"p-3\">\u201eC\u00e2nd dai jos un guvern, \u00eenseamn\u0103 c\u0103 e\u0219ti preg\u0103tit s\u0103 preiei responsabilitatea, nu s\u0103 arunci \u021bara \u00eentr-o criz\u0103 pe care tot rom\u00e2nii o vor pl\u0103ti\u201d, a ad\u0103ugat europarlamentarul.<\/p>\n<h2 id=\"chapter-0\">Mo\u021biunea, \u201epreambulul unui program de guvernare\u201d<\/h2>\n<p id=\"p-4\">Motreanu sus\u021bine c\u0103 semnarea unei mo\u021biuni \u00een comun echivaleaz\u0103, \u00een mod implicit, cu existen\u021ba unei \u00een\u021belegeri politice mai largi \u00eentre partide.<\/p>\n<p id=\"p-5\">\u201eO mo\u021biune semnat\u0103 la comun nu este doar un gest de opozi\u021bie. Este, \u00een realitate, preambulul unui program de guvernare comun \u2013 fie c\u0103 se recunoa\u0219te sau nu\u201d, afirm\u0103 acesta.<\/p>\n<p id=\"p-6\">\u00cen opinia sa, o eventual\u0103 majoritate parlamentar\u0103 format\u0103 \u00een jurul unei astfel de ini\u021biative trebuie s\u0103 vin\u0103 \u0219i cu solu\u021bii concrete, nu doar cu critici.<\/p>\n<p id=\"p-7\">\u201eDac\u0103 ave\u021bi o majoritate, atunci ave\u021bi \u0219i obliga\u021bia s\u0103 veni\u021bi cu solu\u021bii, nu doar cu acuza\u021bii\u201d, le-a transmis europarlamentarul PNL celor dou\u0103 partide parlamentare care au ini\u021biat mo\u021biunea.<\/p>\n<h2 id=\"chapter-1\">Motreanu: Solu\u021bii, nu spectacol<\/h2>\n<p id=\"p-8\">Europarlamentarul PNL insist\u0103 c\u0103 actualul context nu permite jocuri de imagine sau conflicte sterile \u0219i cere solu\u021bii concrete din partea majorit\u0103\u021bii: \u201eRom\u00e2nii nu mai au nevoie de spectacol. A\u0219tept\u0103m, a\u0219adar, solu\u021biile acestei majorit\u0103\u021bi \u0219i un plan clar pentru ceea ce urmeaz\u0103\u201d.<\/p>\n<p id=\"p-9\">\u201eResponsabilitatea nu se paseaz\u0103. Se asum\u0103\u201d, a transmis politicianul liberal.<\/p>\n","protected":false},"excerpt":{"rendered":"<p>\u00centr-o postare public\u0103, liberalul sus\u021bine c\u0103 PSD trateaz\u0103 diferit rela\u021bia cu AUR \u00een func\u021bie de interesul politic, accept\u00e2nd colaborarea atunci c\u00e2nd este vorba despre r\u0103sturnarea Executivului, dar resping\u00e2nd ideea unei &hellip; <a href=\"https:\/\/microscopemedia.com\/?p=689749\" class=\"more-link\">Read More<\/a><\/p>\n","protected":false},"author":1,"featured_media":689750,"comment_status":"closed","ping_status":"closed","sticky":false,"template":"Default","format":"standard","meta":[],"categories":[1],"tags":[],"_links":{"self":[{"href":"https:\/\/microscopemedia.com\/index.php?rest_route=\/wp\/v2\/posts\/689749"}],"collection":[{"href":"https:\/\/microscopemedia.com\/index.php?rest_route=\/wp\/v2\/posts"}],"about":[{"href":"https:\/\/microscopemedia.com\/index.php?rest_route=\/wp\/v2\/types\/post"}],"author":[{"embeddable":true,"href":"https:\/\/microscopemedia.com\/index.php?rest_route=\/wp\/v2\/users\/1"}],"replies":[{"embeddable":true,"href":"https:\/\/microscopemedia.com\/index.php?rest_route=%2Fwp%2Fv2%2Fcomments&post=689749"}],"version-history":[{"count":0,"href":"https:\/\/microscopemedia.com\/index.php?rest_route=\/wp\/v2\/posts\/689749\/revisions"}],"wp:featuredmedia":[{"embeddable":true,"href":"https:\/\/microscopemedia.com\/index.php?rest_route=\/wp\/v2\/media\/689750"}],"wp:attachment":[{"href":"https:\/\/microscopemedia.com\/index.php?rest_route=%2Fwp%2Fv2%2Fmedia&parent=689749"}],"wp:term":[{"taxonomy":"category","embeddable":true,"href":"https:\/\/microscopemedia.com\/index.php?rest_route=%2Fwp%2Fv2%2Fcategories&post=689749"},{"taxonomy":"post_tag","embeddable":true,"href":"https:\/\/microscopemedia.com\/index.php?rest_route=%2Fwp%2Fv2%2Ftags&post=689749"}],"curies":[{"name":"wp","href":"https:\/\/api.w.org\/{rel}","templated":true}]}}