{"id":689751,"date":"2026-04-28T14:06:03","date_gmt":"2026-04-28T14:06:03","guid":{"rendered":"https:\/\/microscopemedia.com\/?p=689751"},"modified":"2026-04-28T14:06:03","modified_gmt":"2026-04-28T14:06:03","slug":"dragos-pislaru-dupa-consultari-cu-sindicatele-veniturile-aflate-in-plata-in-sistemul-public-nu-vor-fi-diminuate","status":"publish","type":"post","link":"https:\/\/microscopemedia.com\/?p=689751","title":{"rendered":"Drago\u0219 P\u00eeslaru, dup\u0103 consult\u0103ri cu sindicatele: \u201eVeniturile aflate \u00een plat\u0103 \u00een sistemul public nu vor fi diminuate\u201d"},"content":{"rendered":"<div><img decoding=\"async\" src=\"https:\/\/microscopemedia.com\/wp-content\/uploads\/2026\/04\/dragos-pislaru-dupa-consultari-cu-sindicatele-veniturile-aflate-in-plata-in-sistemul-public-nu-vor-fi-diminuate.jpg\" class=\"ff-og-image-inserted\"><\/div>\n<p id=\"p-0\">Ministrul interimar al Muncii, <span><a href=\"https:\/\/www.mediafax.ro\/politic\/dragos-pislaru-romania-inca-este-eligibila-pentru-fondurile-europene-dar-depinde-de-rezolvarea-reformelor-23726892\">Drago\u0219 P\u00eeslaru<\/a>,<\/span> a transmis mar\u021bi, dup\u0103 o rund\u0103 de consult\u0103ri cu reprezentan\u021bii sindicatelor la Palatul Victoria, c\u0103 noua lege a salariz\u0103rii unitare nu va t\u0103ia veniturile angaja\u021bilor din sectorul public aflate deja \u00een plat\u0103.<\/p>\n<p id=\"p-1\">\u201eVeniturile aflate \u00een plat\u0103 \u00een sistemul public nu vor fi diminuate prin aplicarea noii legi a salariz\u0103rii. Acesta este un principiu de baz\u0103 al proiectului elaborat sub coordonarea fostului ministru al Muncii, Florin Manole\u201d, a declarat P\u00eeslaru \u00een fa\u021ba partenerilor sociali.<\/p>\n<h2 id=\"chapter-0\"><strong>Consult\u0103ri pe mandat de la Bolojan<\/strong><\/h2>\n<p id=\"p-2\">\u00cent\u00e2lnirea de la Palatul Victoria a avut loc \u00een baza unui mandat explicit acordat de premierul Ilie Bolojan, \u201e\u00een baza principiului dialogului social\u201d, \u0219i a reunit reprezentan\u021bi ai mai multor sindicate \u0219i federa\u021bii \u2014 din transporturi feroviare, silvicultur\u0103, siderurgie, s\u0103n\u0103tate, administra\u021bie public\u0103 \u0219i cadre militare disponibilizate.<\/p>\n<p id=\"p-3\">Principala tem\u0103 a discu\u021biilor a fost proiectul noii legi a salariz\u0103rii unitare, \u00eens\u0103 agenda a cuprins \u0219i o serie de probleme punctuale semnalate de partenerii sociali: efectele m\u0103surilor de reducere a cheltuielilor bugetare, reorganizarea Romsilva, salarizarea personalului TESA din sistemul sanitar \u0219i de asisten\u021b\u0103 social\u0103, legisla\u021bia privind pensiile militare, precum \u0219i situa\u021bia din sectoarele siderurgic, minerit \u0219i transporturi feroviare.<\/p>\n<h2 id=\"chapter-1\"><strong>Consult\u0103ri ample, dup\u0103 clarificarea spa\u021biului fiscal<\/strong><\/h2>\n<p id=\"p-4\">Ministrul a precizat c\u0103 procesul de consultare pe marginea noii legi va continua dup\u0103 ce vor fi clarificate aspectele legate de spa\u021biul fiscal disponibil.<\/p>\n<p id=\"p-5\">\u201eDup\u0103 clarificarea tuturor aspectelor care \u021bin de spa\u021biul fiscal, vom \u00eencepe consult\u0103ri ample cu reprezentan\u021bii confedera\u021biilor sindicale, familiilor profesionale \u0219i sindicatelor, astfel \u00eenc\u00e2t forma consolidat\u0103 a proiectului s\u0103 fie rezultatul unei ample dezbateri\u201d, a subliniat P\u00eeslaru.<\/p>\n<p id=\"p-6\">Reprezentan\u021bii sindicatelor urmeaz\u0103 s\u0103 transmit\u0103 Ministerului Muncii detalii suplimentare privind problemele semnalate, pentru a permite continuarea dialogului. \u201eNe vom apleca cu toat\u0103 aten\u021bia asupra temelor punctuale semnalate \u0219i \u00eempreun\u0103, prin dialog, s\u0103 g\u0103sim solu\u021bii pentru rezolvarea lor\u201d, a afirmat ministrul.<\/p>\n<p id=\"p-7\">P\u00eeslaru a subliniat, totodat\u0103, \u201eimportan\u021ba partenerilor sociali pentru men\u021binerea stabilit\u0103\u021bii sociale, implementarea reformelor \u0219i a proiectelor de dezvoltare derulate de Rom\u00e2nia \u00een calitate de membru al Uniunii Europene.\u201d<\/p>\n<p id=\"p-8\">La consult\u0103ri au participat, din partea sindicatelor: Valentin N\u0103stasescu (Sindicatul Romsilva), Rodrigo Maxim (Federa\u021bia Sindicatelor Transportatorilor Feroviari), Dumitru Fornea (Confedera\u021bia Sindical\u0103 Na\u021bional\u0103 Meridian), Constantin Cre\u021ban (Federa\u021bia Na\u021bional\u0103 a Muncii), Ilie Popa (Sindicatul Siderurgistul Gala\u021bi), Valentin Chifor (Uniunea Sindicatelor TESA din S\u0103n\u0103tate), col. (r) Mircea Dogaru (Sindicatul Cadrelor Militare Disponibilizate) \u0219i Mircea Mure\u0219anu (Federa\u021bia Sindicatelor din Administra\u021bie Bucure\u0219ti).<\/p>\n<p id=\"p-9\">Guvernul a fost reprezentat de ministrul Drago\u0219 P\u00eeslaru \u0219i de consilierul de stat Luciana Antoci.<\/p>\n","protected":false},"excerpt":{"rendered":"<p>Ministrul interimar al Muncii, Drago\u0219 P\u00eeslaru, a transmis mar\u021bi, dup\u0103 o rund\u0103 de consult\u0103ri cu reprezentan\u021bii sindicatelor la Palatul Victoria, c\u0103 noua lege a salariz\u0103rii unitare nu va t\u0103ia veniturile &hellip; <a href=\"https:\/\/microscopemedia.com\/?p=689751\" class=\"more-link\">Read More<\/a><\/p>\n","protected":false},"author":1,"featured_media":689752,"comment_status":"closed","ping_status":"closed","sticky":false,"template":"Default","format":"standard","meta":[],"categories":[1],"tags":[],"_links":{"self":[{"href":"https:\/\/microscopemedia.com\/index.php?rest_route=\/wp\/v2\/posts\/689751"}],"collection":[{"href":"https:\/\/microscopemedia.com\/index.php?rest_route=\/wp\/v2\/posts"}],"about":[{"href":"https:\/\/microscopemedia.com\/index.php?rest_route=\/wp\/v2\/types\/post"}],"author":[{"embeddable":true,"href":"https:\/\/microscopemedia.com\/index.php?rest_route=\/wp\/v2\/users\/1"}],"replies":[{"embeddable":true,"href":"https:\/\/microscopemedia.com\/index.php?rest_route=%2Fwp%2Fv2%2Fcomments&post=689751"}],"version-history":[{"count":0,"href":"https:\/\/microscopemedia.com\/index.php?rest_route=\/wp\/v2\/posts\/689751\/revisions"}],"wp:featuredmedia":[{"embeddable":true,"href":"https:\/\/microscopemedia.com\/index.php?rest_route=\/wp\/v2\/media\/689752"}],"wp:attachment":[{"href":"https:\/\/microscopemedia.com\/index.php?rest_route=%2Fwp%2Fv2%2Fmedia&parent=689751"}],"wp:term":[{"taxonomy":"category","embeddable":true,"href":"https:\/\/microscopemedia.com\/index.php?rest_route=%2Fwp%2Fv2%2Fcategories&post=689751"},{"taxonomy":"post_tag","embeddable":true,"href":"https:\/\/microscopemedia.com\/index.php?rest_route=%2Fwp%2Fv2%2Ftags&post=689751"}],"curies":[{"name":"wp","href":"https:\/\/api.w.org\/{rel}","templated":true}]}}