{"id":689755,"date":"2026-04-28T14:26:03","date_gmt":"2026-04-28T14:26:03","guid":{"rendered":"https:\/\/microscopemedia.com\/?p=689755"},"modified":"2026-04-28T14:26:03","modified_gmt":"2026-04-28T14:26:03","slug":"incendiu-intr-o-garsoniera-din-sibiu-un-barbat-a-murit-carbonizat-21-de-persoane-au-fost-evacuate","status":"publish","type":"post","link":"https:\/\/microscopemedia.com\/?p=689755","title":{"rendered":"Incendiu \u00eentr-o garsonier\u0103 din Sibiu. Un b\u0103rbat a murit carbonizat; 21 de persoane au fost evacuate"},"content":{"rendered":"<p id=\"p-0\">ISU Sibiu a transmis, mar\u021bi, c\u0103 intervine de urgen\u021b\u0103 pe strada \u0218oimului din municipiul Sibiu pentru stingerea unui incendiu care se manifest\u0103 la o garsonier\u0103 situat\u0103 la etajul 3 al unui imobil cu 4 etaje \u0219i mansard\u0103.<\/p>\n<div class=\"single__inline-gallery color-white mg-bottom-20 bg-black padding-5 md:rounded-10\">\n<div class=\"md:rounded-5 display-grid xs:grid-cols-2 grid-cols-3 gap-5\">\n<div class=\"single__inline-gallery-image relative column-span-2 row-span-2\">\n                <a href=\"https:\/\/www.mediafax.ro\/poze\/incendiu-intr-o-garsoniera-din-sibiu-un-barbat-a-murit-carbonizat-21-de-persoane-au-fost-evacuate-23727976\"><br \/>\n                    <img decoding=\"async\" loading=\"lazy\" src=\"https:\/\/microscopemedia.com\/wp-content\/uploads\/2026\/04\/incendiu-intr-o-garsoniera-din-sibiu-un-barbat-a-murit-carbonizat-21-de-persoane-au-fost-evacuate.jpg\" width=\"700\" height=\"450\"><br \/>\n                <\/a>\n                            <\/div>\n<div class=\"single__inline-gallery-image relative \">\n                <a href=\"https:\/\/www.mediafax.ro\/poze\/incendiu-intr-o-garsoniera-din-sibiu-un-barbat-a-murit-carbonizat-21-de-persoane-au-fost-evacuate-23727976\"><br \/>\n                    <img decoding=\"async\" loading=\"lazy\" src=\"https:\/\/microscopemedia.com\/wp-content\/uploads\/2026\/04\/incendiu-intr-o-garsoniera-din-sibiu-un-barbat-a-murit-carbonizat-21-de-persoane-au-fost-evacuate-1.jpg\" width=\"700\" height=\"450\"><br \/>\n                <\/a>\n                            <\/div>\n<\/p><\/div>\n<\/p><\/div>\n<p id=\"p-1\">Intrervin dou\u0103 autospeciale de stingere, o autoscar\u0103, o autospecial\u0103 de descarcerare \u0219i un echipaj SMURD.<\/p>\n<p id=\"p-2\">\u00cen interiorul apartamentului a fost g\u0103sit un b\u0103rbat \u00een v\u00e2rst\u0103 de 65 de ani carbonizat.<\/p>\n<p id=\"p-3\">Au fost evacuate 21 persoane \u0219i se lucreaz\u0103 pentru stingerea incendiului \u0219i ventilarea \u00eenc\u0103perilor.<\/p>\n<p id=\"p-4\">Persoanele evacuate nu au nevoie de \u00eengrijiri medicale.<\/p>\n<p id=\"p-5\">Cauza probabil\u0103 de izbucnire a incendiului a fost jarul provenit de la o \u021bigar\u0103.<\/p>\n","protected":false},"excerpt":{"rendered":"<p>ISU Sibiu a transmis, mar\u021bi, c\u0103 intervine de urgen\u021b\u0103 pe strada \u0218oimului din municipiul Sibiu pentru stingerea unui incendiu care se manifest\u0103 la o garsonier\u0103 situat\u0103 la etajul 3 al &hellip; <a href=\"https:\/\/microscopemedia.com\/?p=689755\" class=\"more-link\">Read More<\/a><\/p>\n","protected":false},"author":1,"featured_media":689756,"comment_status":"closed","ping_status":"closed","sticky":false,"template":"Default","format":"standard","meta":[],"categories":[1],"tags":[],"_links":{"self":[{"href":"https:\/\/microscopemedia.com\/index.php?rest_route=\/wp\/v2\/posts\/689755"}],"collection":[{"href":"https:\/\/microscopemedia.com\/index.php?rest_route=\/wp\/v2\/posts"}],"about":[{"href":"https:\/\/microscopemedia.com\/index.php?rest_route=\/wp\/v2\/types\/post"}],"author":[{"embeddable":true,"href":"https:\/\/microscopemedia.com\/index.php?rest_route=\/wp\/v2\/users\/1"}],"replies":[{"embeddable":true,"href":"https:\/\/microscopemedia.com\/index.php?rest_route=%2Fwp%2Fv2%2Fcomments&post=689755"}],"version-history":[{"count":0,"href":"https:\/\/microscopemedia.com\/index.php?rest_route=\/wp\/v2\/posts\/689755\/revisions"}],"wp:featuredmedia":[{"embeddable":true,"href":"https:\/\/microscopemedia.com\/index.php?rest_route=\/wp\/v2\/media\/689756"}],"wp:attachment":[{"href":"https:\/\/microscopemedia.com\/index.php?rest_route=%2Fwp%2Fv2%2Fmedia&parent=689755"}],"wp:term":[{"taxonomy":"category","embeddable":true,"href":"https:\/\/microscopemedia.com\/index.php?rest_route=%2Fwp%2Fv2%2Fcategories&post=689755"},{"taxonomy":"post_tag","embeddable":true,"href":"https:\/\/microscopemedia.com\/index.php?rest_route=%2Fwp%2Fv2%2Ftags&post=689755"}],"curies":[{"name":"wp","href":"https:\/\/api.w.org\/{rel}","templated":true}]}}