{"id":689763,"date":"2026-04-28T15:06:04","date_gmt":"2026-04-28T15:06:04","guid":{"rendered":"https:\/\/microscopemedia.com\/?p=689763"},"modified":"2026-04-28T15:06:04","modified_gmt":"2026-04-28T15:06:04","slug":"ce-urmeaza-dupa-depunerea-motiunii-de-cenzura-psd-aur-cu-numar-record-de-semnaturi-stranse-in-ultimul-deceniu-cum-ar-putea-fi-demis-ilie-bolojan","status":"publish","type":"post","link":"https:\/\/microscopemedia.com\/?p=689763","title":{"rendered":"Ce urmeaz\u0103 dup\u0103 depunerea mo\u021biunii de cenzur\u0103 PSD- AUR cu num\u0103r record de semn\u0103turi str\u00e2nse \u00een ultimul deceniu. Cum ar putea fi demis Ilie Bolojan"},"content":{"rendered":"<p id=\"p-0\"><strong><span><a href=\"https:\/\/www.mediafax.ro\/stirile-zilei\/document-update-motiunea-de-cenzura-psd-aur-acuza-guvernul-bolojan-ca-nu-mai-guverneaza-in-interesul-romaniei-peste-240-de-semnaturi-au-fost-stranse-pentru-demiterea-actualului-executiv-23727715\">254 de parlamentari, majoritatea PSD \u0219i AUR, au semnat mo\u021biunea de cenzur\u0103 \u00eempotriva Guvernului Ilie Bolojan<\/a><\/span>, ceea ce reprezint\u0103 un num\u0103r record de semn\u0103turi str\u00e2nse \u00een Parlamentul Rom\u00e2niei \u00een ultimii 10 ani.<\/strong><\/p>\n<p id=\"p-1\"><strong>\u00cen ultimul deceniu, doar patru premieri au fost demi\u0219i \u00een Rom\u00e2nia prin mo\u021biune de cenzur\u0103: Sorin Grindeanu (PSD), Viorica D\u0103ncil\u0103 (PSD), Ludovic Orban (PNL) \u0219i Florin C\u00ee\u021bu (PNL).<\/strong><\/p>\n<p id=\"p-2\">Prin compara\u021bie, Ilie Bolojan a str\u00e2ns un num\u0103r record de semn\u0103turi \u00eempotriva sa:<\/p>\n<ul>\n<li><strong>\u00cen 2017, mo\u021biunea de cenzur\u0103 \u00eempotriva lui Sorin Grindeanu a fost semnat\u0103 de 222 de parlamentari<\/strong> \u0219i a fost votat\u0103 de 241.<\/li>\n<li><strong>\u00cen 2019, mo\u021biunea de cenzur\u0103 \u00eempotriva Vioric\u0103i D\u0103ncil\u0103 a fost semnat\u0103 de 237 de parlamentari<\/strong> \u0219i a trecut, fiind votat\u0103 de 238 de ale\u0219i.<\/li>\n<li><strong>\u00cen 2020, mo\u021biunea de cenzur\u0103 \u00eempotriva lui Ludovic Orban a fost semnat\u0103 de 208 parlamentari<\/strong> \u0219i a fost votat\u0103 de 261 de ale\u0219i.<\/li>\n<li><strong>\u00cen 2021, mo\u021biunea de cenzur\u0103 \u00eempotriva Guvernului Florin C\u00ee\u021bu a fost semnat\u0103 de 122 de deputa\u021bi \u0219i senatori<\/strong> USR PLUS \u0219i AUR \u0219i a fost votat\u0103 \u00een final de 281 de parlamentari.<\/li>\n<\/ul>\n<p id=\"p-3\"><strong>Mo\u021biunea PSD \u2013 AUR numit\u0103 \u201eStop planului Bolojan de distrugere a economiei, de s\u0103r\u0103cire a popula\u021biei \u0219i de v\u00e2nzare frauduloas\u0103 a averii statului\u201d are un num\u0103r suficient de semn\u0103turi (254) ca s\u0103 demit\u0103 Guvernul Bolojan. Sunt cu 21 de semn\u0103turi mai multe, dec\u00e2t cele 233, necesare pentru demiterea Guvernului.<\/strong><\/p>\n<hr>\n<h2 id=\"chapter-0\"><strong>Citirea mo\u021biunii miercuri, 29 aprilie, la ora 12.30. Votul pe mo\u021biunea de cenzur\u0103 \u2013 mar\u021bi, pe 5 mai<\/strong><\/h2>\n<p id=\"p-5\">Mo\u021biunea de cenzur\u0103, \u00eenregistrat\u0103 mar\u021bi, la Birourile Permanente ale Camerei Deputa\u021bilor \u0219i Senatului, va fi citit\u0103 m\u00e2ine, la ora 12.30, \u00een plenul Parlamentului. Guvernul \u0219i Ilie Bolojan nu sunt obliga\u021bi s\u0103 participe. Dezbaterea \u0219i votul asupra mo\u021biunii de cenzur\u0103 PSD \u2013 AUR va avea loc mar\u021bi, s\u0103pt\u0103m\u00e2na viitoare.<\/p>\n<p id=\"p-6\">Premierului Ilie Bolojan \u00eei sunt rezervate 30 de minute pentru exprimare \u00een cadrul dezbaterii, iar timpii parlamentari, aloca\u021bi sunt urm\u0103torii: PSD poate vorbi 15 minute, AUR \u2013 11 minute, PNL \u2013 9 minute, USR- 7 minute, UDMR \u2013 4 minute, minorit\u0103\u021bile na\u021bionale \u2013 2 minute, parlamentarii POT \u2013 2 minute, parlamentarii SOS- 2 minute, parlamentarii PACE \u2013 1 minute \u0219i neafilia\u021bii 2 minute.<\/p>\n<p id=\"p-7\">\u00cen total, sunt alocate 55 de minute pentru dezbaterile asupra mo\u021biunii de cenzur\u0103 \u00eempotriva premierului Bolojan.<\/p>\n<p id=\"p-8\"><img class=\"aligncenter wp-image-23728029 size-full\" src=\"https:\/\/microscopemedia.com\/wp-content\/uploads\/2026\/04\/ce-urmeaza-dupa-depunerea-motiunii-de-cenzura-psd-aur-cu-numar-record-de-semnaturi-stranse-in-ultimul-deceniu-cum-ar-putea-fi-demis-ilie-bolojan.webp\" alt width=\"700\" height=\"876\" loading=\"lazy\" decoding=\"async\" srcset=\"https:\/\/microscopemedia.com\/wp-content\/uploads\/2026\/04\/ce-urmeaza-dupa-depunerea-motiunii-de-cenzura-psd-aur-cu-numar-record-de-semnaturi-stranse-in-ultimul-deceniu-cum-ar-putea-fi-demis-ilie-bolojan-2.webp 500w, https:\/\/microscopemedia.com\/wp-content\/uploads\/2026\/04\/ce-urmeaza-dupa-depunerea-motiunii-de-cenzura-psd-aur-cu-numar-record-de-semnaturi-stranse-in-ultimul-deceniu-cum-ar-putea-fi-demis-ilie-bolojan.webp 728w\"><\/p>\n<p id=\"p-9\">Dup\u0103 dezbateri, votul va fi exprimat secret, cu bile, 233 de voturi fiind necesare pentru demiterea Guvernului Ilie Bolojan.<\/p>\n<hr>\n<h2 id=\"chapter-1\"><strong>Guvern interimar, maximum 45 de zile. Ce nu poate s\u0103 fac\u0103 Ilie Bolojan<\/strong><\/h2>\n<p id=\"p-10\">Dac\u0103 mo\u021biunea trece, ob\u021bine voturile a 233 de parlamentari, potrivit Constitu\u021biei, Guvernul Ilie Bolojan este considerat legal demis, Parlamentul retr\u0103g\u00e2ndu-i \u00eencrederea acordat\u0103 la \u00eenvestitur\u0103.<\/p>\n<p id=\"p-11\"><span><strong><a href=\"https:\/\/www.constitutiaromaniei.ro\/textul-integral\/\">Constitu\u021bia Rom\u00e2niei. Art 114. (2)<\/a> <\/strong><\/span>Guvernul este demis dac\u0103 o mo\u0163iune de cenzur\u0103, depus\u0103 \u00een termen de 3 zile de la prezentarea programului, a declara\u0163iei de politic\u0103 general\u0103 sau a proiectului de lege, a fost votat\u0103 \u00een condi\u0163iile Art.ui 113.<\/p>\n<p id=\"p-12\">Dup\u0103 demitere, premierul \u0219i Guvernul Ilie Bolojan r\u0103m\u00e2n interimare, \u00eencetarea efectiv\u0103 a mandatului urm\u00e2nd s\u0103 se petreac\u0103 \u00een maximum 45 de zile. \u00cen cele 45 de zile, Guvernul interimar <strong>Bolojan <\/strong>(cel al c\u0103rui mandat a \u00eencetat conform Constitu\u021biei) are competen\u021be limitate \u0219i&nbsp;<strong data-sfc-root=\"c\" data-sfc-cb data-complete=\"true\" data-processed=\"true\">nu poate adopta ordonan\u021be de urgen\u021b\u0103 (OUG)<\/strong>, ordonan\u021be simple, nu poate ini\u021bia proiecte de lege \u0219i nici nu poate promova politici noi, potrivit prevederilor Codului Administrativ.<\/p>\n<p id=\"p-13\"><strong>Constitu\u021bia Rom\u00e2niei. Art. 110 \u2013 \u00cencetarea mandatului<\/strong> (2) Guvernul este demis la data retragerii de c\u0103tre Parlament a \u00eencrederii acordate sau dac\u0103 primul-ministru se afl\u0103 \u00een una dintre situa\u0163iile prev\u0103zute la Art. 106, cu excep\u0163ia revoc\u0103rii, ori este \u00een imposibilitatea de a-\u015fi exercita atribu\u0163iile mai mult de 45 de zile.<\/p>\n<p id=\"p-14\">Rolul unui Guvern interimar este strict de a administra treburile publice, de a emite actele necesare pentru administrarea treburilor curente \u2013 acte cu caracter individual sau normativ de nivel secundar, cum sunt Hot\u0103r\u00e2rile de Guvern. Interdic\u021bia reflect\u0103 principiul conform c\u0103ruia un Guvern care nu mai are sprijin politic parlamentar ( demis) nu mai poate modifica legisla\u021bia primar\u0103 a Rom\u00e2niei, prin legi \u0219i ordonan\u021be.<\/p>\n<hr>\n<h2 id=\"chapter-2\">Pre\u0219edintele Nicu\u0219or Dan convoac\u0103 consult\u0103ri, desemneaz\u0103 un nou prim ministru<\/h2>\n<p id=\"p-15\"><img class=\"aligncenter wp-image-23704051 size-full\" src=\"https:\/\/microscopemedia.com\/wp-content\/uploads\/2026\/04\/ce-urmeaza-dupa-depunerea-motiunii-de-cenzura-psd-aur-cu-numar-record-de-semnaturi-stranse-in-ultimul-deceniu-cum-ar-putea-fi-demis-ilie-bolojan-1.webp\" alt width=\"700\" height=\"525\" loading=\"lazy\" decoding=\"async\" srcset=\"https:\/\/microscopemedia.com\/wp-content\/uploads\/2026\/04\/ce-urmeaza-dupa-depunerea-motiunii-de-cenzura-psd-aur-cu-numar-record-de-semnaturi-stranse-in-ultimul-deceniu-cum-ar-putea-fi-demis-ilie-bolojan-3.webp 500w, https:\/\/microscopemedia.com\/wp-content\/uploads\/2026\/04\/ce-urmeaza-dupa-depunerea-motiunii-de-cenzura-psd-aur-cu-numar-record-de-semnaturi-stranse-in-ultimul-deceniu-cum-ar-putea-fi-demis-ilie-bolojan-1.webp 728w\"><\/p>\n<p id=\"p-16\">\u00cen urma unei eventuale demiteri a Guvernului Ilie Bolojan de c\u0103tre Parlament, <span><strong><a href=\"https:\/\/www.constitutiaromaniei.ro\/textul-integral\/\">pre\u0219edintele Nicu\u0219or Dan este obligat de textul constitu\u021bional<\/a> <\/strong><\/span>s\u0103 convoace consult\u0103rile formale la Palatul Cotroceni.<\/p>\n<p id=\"p-17\">Astfel, se intr\u0103 pe textul constitu\u021bional al articolului 103 \u2013 \u00cenvestitura. Pre\u0219edintele Rom\u00e2niei urmeaz\u0103 s\u0103 desemneze un nou candidat pentru func\u021bia de prim ministru care s\u0103 ob\u021bin\u0103 votul de \u00eencredere al Parlamentului.<\/p>\n<p id=\"p-18\">(1) Pre\u015fedintele Rom\u00e2niei desemneaz\u0103 un candidat pentru func\u0163ia de prim-ministru, \u00een urma consult\u0103rii partidului care are majoritatea absolut\u0103 \u00een Parlament ori, dac\u0103 nu exist\u0103 o asemenea majoritate, a partidelor reprezentate \u00een Parlament.<\/p>\n<p id=\"p-19\">(2) Candidatul pentru func\u0163ia de prim-ministru va cere, \u00een termen de 10 zile de la desemnare, votul de \u00eencredere al Parlamentului asupra programului \u015fi a \u00eentregii liste a Guvernului.<\/p>\n<p id=\"p-20\">(3) Programul \u015fi lista Guvernului se dezbat de Camera Deputa\u0163ilor \u015fi de Senat, \u00een \u015fedin\u0163\u0103 comun\u0103. Parlamentul acord\u0103 \u00eencredere Guvernului cu votul majorit\u0103\u0163ii deputa\u0163ilor \u015fi senatorilor.<\/p>\n<p id=\"p-21\"><span><a href=\"https:\/\/www.constitutiaromaniei.ro\/textul-integral\/\"><strong>Dup\u0103 votul de \u00eenvestitur\u0103, potrivit art. 104<\/strong> <\/a><\/span>\u2013 jur\u0103m\u00e2ntul de credin\u0163\u0103<strong>, <\/strong>primul-ministru, mini\u015ftrii \u015fi ceilal\u0163i membri ai Guvernului vor depune individual, \u00een fa\u0163a Pre\u015fedintelui Rom\u00e2niei, jur\u0103m\u00e2ntul. Iar Guvernul \u00een \u00eentregul s\u0103u \u015fi fiecare membru \u00een parte \u00ee\u015fi exercit\u0103 mandatul, \u00eencep\u00e2nd de la data depunerii jur\u0103m\u00e2ntului.<\/p>\n","protected":false},"excerpt":{"rendered":"<p>254 de parlamentari, majoritatea PSD \u0219i AUR, au semnat mo\u021biunea de cenzur\u0103 \u00eempotriva Guvernului Ilie Bolojan, ceea ce reprezint\u0103 un num\u0103r record de semn\u0103turi str\u00e2nse \u00een Parlamentul Rom\u00e2niei \u00een ultimii &hellip; <a href=\"https:\/\/microscopemedia.com\/?p=689763\" class=\"more-link\">Read More<\/a><\/p>\n","protected":false},"author":1,"featured_media":689764,"comment_status":"closed","ping_status":"closed","sticky":false,"template":"Default","format":"standard","meta":[],"categories":[1],"tags":[],"_links":{"self":[{"href":"https:\/\/microscopemedia.com\/index.php?rest_route=\/wp\/v2\/posts\/689763"}],"collection":[{"href":"https:\/\/microscopemedia.com\/index.php?rest_route=\/wp\/v2\/posts"}],"about":[{"href":"https:\/\/microscopemedia.com\/index.php?rest_route=\/wp\/v2\/types\/post"}],"author":[{"embeddable":true,"href":"https:\/\/microscopemedia.com\/index.php?rest_route=\/wp\/v2\/users\/1"}],"replies":[{"embeddable":true,"href":"https:\/\/microscopemedia.com\/index.php?rest_route=%2Fwp%2Fv2%2Fcomments&post=689763"}],"version-history":[{"count":0,"href":"https:\/\/microscopemedia.com\/index.php?rest_route=\/wp\/v2\/posts\/689763\/revisions"}],"wp:featuredmedia":[{"embeddable":true,"href":"https:\/\/microscopemedia.com\/index.php?rest_route=\/wp\/v2\/media\/689764"}],"wp:attachment":[{"href":"https:\/\/microscopemedia.com\/index.php?rest_route=%2Fwp%2Fv2%2Fmedia&parent=689763"}],"wp:term":[{"taxonomy":"category","embeddable":true,"href":"https:\/\/microscopemedia.com\/index.php?rest_route=%2Fwp%2Fv2%2Fcategories&post=689763"},{"taxonomy":"post_tag","embeddable":true,"href":"https:\/\/microscopemedia.com\/index.php?rest_route=%2Fwp%2Fv2%2Ftags&post=689763"}],"curies":[{"name":"wp","href":"https:\/\/api.w.org\/{rel}","templated":true}]}}