{"id":689767,"date":"2026-04-28T15:26:03","date_gmt":"2026-04-28T15:26:03","guid":{"rendered":"https:\/\/microscopemedia.com\/?p=689767"},"modified":"2026-04-28T15:26:03","modified_gmt":"2026-04-28T15:26:03","slug":"trump-o-noua-surpriza-vrea-sa-locuiasca-in-palatul-buckingham","status":"publish","type":"post","link":"https:\/\/microscopemedia.com\/?p=689767","title":{"rendered":"Trump, o nou\u0103 surpriz\u0103: vrea s\u0103 locuiasc\u0103 \u00een Palatul Buckingham"},"content":{"rendered":"<p class=\"p1\" id=\"p-0\"><span><strong><a href=\"https:\/\/www.mediafax.ro\/externe\/politico-regele-charles-va-pleda-pentru-un-parteneriat-puternic-sua-marea-britanie-in-discursul-sau-adresat-congresului-23727578\">Pre\u0219edintele Donald Trump<\/a><\/strong><\/span> a declarat c\u0103 dore\u0219te s\u0103 locuiasc\u0103 \u00een Palatul Buckingham, re\u0219edin\u021ba Casei Regale britanice.&nbsp;Astfel, el a r\u0103spuns la un articol din The Daily Mail, care se presupune c\u0103 dezv\u0103luie leg\u0103turile sale de rudenie cu familia regal\u0103 britanic\u0103.<\/p>\n<p class=\"p1\" id=\"p-1\">\u201eMereu mi-am dorit s\u0103 locuiesc la Palatul Buckingham!!! Voi discuta despre asta cu regele [Carol al III-lea al Marii Britanii] \u0219i regina [Camilla] \u00een c\u00e2teva minute!!!\u201d \u2014 a scris liderul american pe Truth Social.<\/p>\n<p id=\"p-2\"><img class=\"aligncenter wp-image-23728052 size-full\" src=\"https:\/\/microscopemedia.com\/wp-content\/uploads\/2026\/04\/trump-o-noua-surpriza-vrea-sa-locuiasca-in-palatul-buckingham.webp\" alt width=\"700\" height=\"484\" loading=\"lazy\" decoding=\"async\" srcset=\"https:\/\/microscopemedia.com\/wp-content\/uploads\/2026\/04\/trump-o-noua-surpriza-vrea-sa-locuiasca-in-palatul-buckingham-1.webp 500w, https:\/\/microscopemedia.com\/wp-content\/uploads\/2026\/04\/trump-o-noua-surpriza-vrea-sa-locuiasca-in-palatul-buckingham.webp 728w\"><\/p>\n<p id=\"p-3\"><span dir=\"auto\"><span><strong><a href=\"https:\/\/www.independent.co.uk\/bulletin\/news\/trump-king-charles-cousin-buckingham-palace-b2966514.html\">Trump \u00eei g\u0103zduie\u0219te pe Regele Charle<\/a><\/strong><\/span>s \u0219i Regina Camilla \u00eentr-o vizit\u0103 de stat \u00een SUA, urm\u00e2nd ca mar\u021bi s\u0103 aib\u0103 loc o ceremonie de bun venit \u0219i un discurs \u00een fa\u021ba Congresului.<\/span><\/p>\n<p id=\"p-4\"><span dir=\"auto\">Se a\u0219teapt\u0103 ca Regele s\u0103 sublinieze unitatea \u00een discursul s\u0103u, care va marca a doua oar\u0103 c\u00e2nd un monarh britanic vorbe\u0219te \u00een fa\u021ba Congresului, dup\u0103 regina Elisabeta a II-a \u00een 1991.<\/span><\/p>\n","protected":false},"excerpt":{"rendered":"<p>Pre\u0219edintele Donald Trump a declarat c\u0103 dore\u0219te s\u0103 locuiasc\u0103 \u00een Palatul Buckingham, re\u0219edin\u021ba Casei Regale britanice.&nbsp;Astfel, el a r\u0103spuns la un articol din The Daily Mail, care se presupune c\u0103 &hellip; <a href=\"https:\/\/microscopemedia.com\/?p=689767\" class=\"more-link\">Read More<\/a><\/p>\n","protected":false},"author":1,"featured_media":689768,"comment_status":"closed","ping_status":"closed","sticky":false,"template":"Default","format":"standard","meta":[],"categories":[1],"tags":[],"_links":{"self":[{"href":"https:\/\/microscopemedia.com\/index.php?rest_route=\/wp\/v2\/posts\/689767"}],"collection":[{"href":"https:\/\/microscopemedia.com\/index.php?rest_route=\/wp\/v2\/posts"}],"about":[{"href":"https:\/\/microscopemedia.com\/index.php?rest_route=\/wp\/v2\/types\/post"}],"author":[{"embeddable":true,"href":"https:\/\/microscopemedia.com\/index.php?rest_route=\/wp\/v2\/users\/1"}],"replies":[{"embeddable":true,"href":"https:\/\/microscopemedia.com\/index.php?rest_route=%2Fwp%2Fv2%2Fcomments&post=689767"}],"version-history":[{"count":0,"href":"https:\/\/microscopemedia.com\/index.php?rest_route=\/wp\/v2\/posts\/689767\/revisions"}],"wp:featuredmedia":[{"embeddable":true,"href":"https:\/\/microscopemedia.com\/index.php?rest_route=\/wp\/v2\/media\/689768"}],"wp:attachment":[{"href":"https:\/\/microscopemedia.com\/index.php?rest_route=%2Fwp%2Fv2%2Fmedia&parent=689767"}],"wp:term":[{"taxonomy":"category","embeddable":true,"href":"https:\/\/microscopemedia.com\/index.php?rest_route=%2Fwp%2Fv2%2Fcategories&post=689767"},{"taxonomy":"post_tag","embeddable":true,"href":"https:\/\/microscopemedia.com\/index.php?rest_route=%2Fwp%2Fv2%2Ftags&post=689767"}],"curies":[{"name":"wp","href":"https:\/\/api.w.org\/{rel}","templated":true}]}}