{"id":689769,"date":"2026-04-28T15:36:03","date_gmt":"2026-04-28T15:36:03","guid":{"rendered":"https:\/\/microscopemedia.com\/?p=689769"},"modified":"2026-04-28T15:36:03","modified_gmt":"2026-04-28T15:36:03","slug":"grupul-israelian-imco-vrea-sa-deschisa-o-a-doua-unitate-de-productie-in-romania-in-2027","status":"publish","type":"post","link":"https:\/\/microscopemedia.com\/?p=689769","title":{"rendered":"Grupul israelian IMCO vrea s\u0103 deschis\u0103 o a doua unitate de produc\u021bie \u00een Rom\u00e2nia \u00een 2027"},"content":{"rendered":"<p id=\"p-0\">Anun\u021bul a fost f\u0103cut de Yoav Ben Shem, mar\u021bi, \u00een cadrul unei discu\u021bii \u00eentr-un cadru restr\u00e2ns cu presa de specialitate, la care a participat \u0219i reporterul Mediafax.<\/p>\n<p id=\"p-1\">\u00cenfiin\u021bat\u0103 \u00een 1974 \u00een Israel, IMCO a intrat pe pia\u021ba american\u0103 acum 30 de ani, din 2023 are prezen\u021b\u0103 \u00een Europa, iar \u00een Rom\u00e2nia, din 2025, prin subsidiara IMROD.<\/p>\n<p id=\"p-2\">Alegerea Rom\u00e2niei pentru amplasarea unei unit\u0103\u021bi de produc\u021bie a venit natural, prin prisma apropierii culturale dintre cele dou\u0103 state, dar \u0219i datorit\u0103 prezen\u021bei unei for\u021be de munc\u0103 profesioniste, inclusiv din r\u00e2ndul angaja\u021bilor industriei automotive, afectat\u0103 de disponibiliz\u0103ri, a admis Yoav Ben Shem.<\/p>\n<p id=\"p-3\">Fabrica deschis\u0103 la Crevedia a intrat deja \u00een produc\u021bie, furniz\u00e2nd deocamdat\u0103 echipamente \u0219i solu\u021bii tehnologice pentru export.<\/p>\n<blockquote readability=\"11\">\n<p id=\"p-4\">\u201eEste mai mult dec\u00e2t o dorin\u021b\u0103, este strategia noastr\u0103 s\u0103 fim parte din programul SAFE, nu ca prim contractant, ci ca furnizor de tehnologie pentru clien\u021bii no\u0219tri\u201d, a declarat oficialul IMCO.<\/p>\n<\/blockquote>\n<p id=\"p-5\">Acesta a detaliat c\u0103 se afl\u0103 \u00een prezent \u00een faza de certificare, ofertare \u0219i negociere at\u00e2t cu marii integratori interna\u021bionali din ap\u0103rare, cu subsidiare deschise \u00een Rom\u00e2nia, c\u00e2t \u0219i cu companii tradi\u021bionale locale din acest domeniu.<\/p>\n<p id=\"p-6\">Mihai Jurca, \u0219ef al Cancelariei Prim-ministrului, a anun\u021bat vineri c\u0103 Rom\u00e2nia a primit din partea Comisiei Europene contractul-cadru pentru finan\u021barea prin programul SAFE, \u00een valoare de aproximativ <a href=\"https:\/\/www.mediafax.ro\/politic\/romania-a-primit-contractul-cadru-pentru-finantarea-de-166-miliarde-de-euro-prin-programul-safe-23726015\">16,6 miliarde de euro<\/a>, a doua cea mai mare alocare din UE.<\/p>\n<p id=\"p-7\">Mar\u021bi, <a href=\"https:\/\/www.mediafax.ro\/politic\/programul-safe-de-modernizare-a-armatei-a-primit-unda-verde-in-parlament-miruta-de-astazi-se-stie-ca-obligatia-de-a-construi-cele-patru-nave-este-sa-se-intample-prin-salvarea-santierului-mangalia-23727868\">comisiile de Ap\u0103rare reunite au aprobat programul SAFE<\/a>&nbsp;.<\/p>\n<h2 id=\"chapter-0\">Se caut\u0103 electroni\u0219ti \u0219i ingineri<\/h2>\n<p id=\"p-8\"><img loading=\"lazy\" fetchpriority=\"high\" decoding=\"async\" class=\"aligncenter wp-image-23728060 size-full\" src=\"https:\/\/microscopemedia.com\/wp-content\/uploads\/2026\/04\/grupul-israelian-imco-vrea-sa-deschisa-o-a-doua-unitate-de-productie-in-romania-in-2027.jpg\" alt width=\"585\" height=\"323\" srcset=\"https:\/\/microscopemedia.com\/wp-content\/uploads\/2026\/04\/grupul-israelian-imco-vrea-sa-deschisa-o-a-doua-unitate-de-productie-in-romania-in-2027.jpg 585w, https:\/\/www.mediafax.ro\/wp-content\/uploads\/2026\/04\/imrod-1-300x166.jpg 300w\" sizes=\"(max-width: 585px) 100vw, 585px\"><\/p>\n<p id=\"p-9\">\u00cen prezent, \u00een fabrica din Crevedia lucreaz\u0103 30 de persoane \u2013 din totalul de 650 la nivel interna\u021bional, iar estim\u0103rile sunt ca num\u0103rul lor s\u0103 creasc\u0103 la 100 p\u00e2n\u0103 la finalul anului.<\/p>\n<p id=\"p-10\">Pentru cea de-a doua facilitate, compania a cump\u0103rat terenul, al\u0103turat actualei fabrici, iar construc\u021bia este estimat\u0103 s\u0103 dureze aproximativ un an, deci s\u0103 intre \u00een produc\u021bie \u00een 2027.<\/p>\n<p id=\"p-11\">Israelienii de la IMCO vor s\u0103 angajeze aici aproximativ 300 de angaja\u021bi, \u0219i caut\u0103 pe pia\u021b\u0103 electroni\u0219ti \u0219i ingineri.<\/p>\n<p id=\"p-12\">Din informa\u021biile Mediafax, nivelul investi\u021biei companiei israeliene \u00een Rom\u00e2nia ar dep\u0103\u0219i 10 de milioane de euro.<\/p>\n<h2 id=\"chapter-1\">\u201eFurnizor local\u201d \u00een proiecte de ap\u0103rare pe \u00eentreg continentul<\/h2>\n<p id=\"p-13\">Grupul israelian IMCO, un furnizor important de sisteme avansate pentru sectoarele de ap\u0103rare \u0219i industrie, a anun\u021bat \u00een septembrie 2025 <a href=\"https:\/\/milmag.pl\/en\/imco-group-expands-into-europe-opening-new-subsidiary-in-romania\/\" target=\"_blank\" rel=\"noopener\">\u00eenfiin\u021barea unei noi filiale \u00een Rom\u00e2nia<\/a>, aceasta fiind menit\u0103 s\u0103 extind\u0103 capacitatea de produc\u021bie a grupului, at\u00e2t pentru a \u00eendeplini portofoliul de comenzi viitoare, c\u00e2t \u0219i pentru a dezvolta noi pie\u021be.<\/p>\n<p id=\"p-14\">Potrivit comunicatului de la acea vreme, mi\u0219carea reprezint\u0103 o alt\u0103 etap\u0103 semnificativ\u0103 \u00een implementarea planului strategic multianual al Grupului, care se concentreaz\u0103 pe penetrarea pie\u021bei europene de ap\u0103rare \u0219i stimularea cre\u0219terii prin cre\u0219terea capacit\u0103\u021bii de produc\u021bie, \u00een contextul cre\u0219terii bugetelor de ap\u0103rare pe \u00eentreg continentul.<\/p>\n<p id=\"p-15\">\u201e\u00cenfiin\u021barea filialei \u00een Rom\u00e2nia are ca scop extinderea capacit\u0103\u021bii de produc\u021bie a grupului, at\u00e2t pentru a \u00eendeplini portofoliul de comenzi viitoare, c\u00e2t \u0219i pentru a dezvolta noi pie\u021be.<\/p>\n<p id=\"p-16\">IMCO anticipa c\u0103 noua companie va contribui la capacit\u0103\u021bile opera\u021bionale ale grupului \u00een al patrulea trimestru al anului 2025, cre\u00e2nd infrastructura necesar\u0103 pentru a sus\u021bine cre\u0219terea viitoare \u00een Rom\u00e2nia \u0219i pe pia\u021ba european\u0103 \u00een sens larg.<\/p>\n<p id=\"p-17\">\u201e\u00cenfiin\u021barea unei entit\u0103\u021bi comerciale \u00eentr-un stat membru al Uniunii Europene va deschide un spectru larg de noi oportunit\u0103\u021bi de afaceri, complet\u00e2nd cre\u0219terea de pe pie\u021bele israeliene \u0219i americane. Acest lucru se va realiza prin v\u00e2nz\u0103ri directe c\u0103tre clien\u021bi noi, precum \u0219i prin valorificarea facilit\u0103\u021bii pentru a \u00eendeplini portofoliul tot mai mare de comenzi al grupului\u201d, anun\u021ba compania \u00een septembrie.<\/p>\n<p id=\"p-18\">Potrivit oficialilor, loca\u021bia european\u0103 a filialei permite IMCO s\u0103 opereze ca \u201efurnizor local\u201d \u00een proiecte de ap\u0103rare pe \u00eentreg continentul \u0219i serve\u0219te drept catalizator pentru consolidarea colabor\u0103rilor cu produc\u0103tori \u0219i integratori de platforme de top din \u00eentreaga Europ\u0103.<\/p>\n<blockquote readability=\"12\">\n<p id=\"p-19\">\u201e\u00cenfiin\u021barea noii noastre filiale \u00een Rom\u00e2nia este un alt pas \u00eenainte \u00een planul strategic al Grupului. Aceasta consolideaz\u0103 capacitatea noastr\u0103 de produc\u021bie pentru a \u00eendeplini portofoliul de comenzi viitoare \u0219i ne extinde opera\u021biunile globale. Prezen\u021ba noastr\u0103 \u00een Rom\u00e2nia ne va oferi o prezen\u021b\u0103 mai semnificativ\u0103 pe pia\u021ba european\u0103, permi\u021b\u00e2ndu-ne s\u0103 oferim un r\u0103spuns mai rapid \u0219i mai flexibil tuturor clien\u021bilor no\u0219tri\u201d, declara \u00een septembrie, Ariel Kandel, CEO al Grupului IMCO.<\/p>\n<\/blockquote>\n","protected":false},"excerpt":{"rendered":"<p>Anun\u021bul a fost f\u0103cut de Yoav Ben Shem, mar\u021bi, \u00een cadrul unei discu\u021bii \u00eentr-un cadru restr\u00e2ns cu presa de specialitate, la care a participat \u0219i reporterul Mediafax. \u00cenfiin\u021bat\u0103 \u00een 1974 &hellip; <a href=\"https:\/\/microscopemedia.com\/?p=689769\" class=\"more-link\">Read More<\/a><\/p>\n","protected":false},"author":1,"featured_media":689770,"comment_status":"closed","ping_status":"closed","sticky":false,"template":"Default","format":"standard","meta":[],"categories":[1],"tags":[],"_links":{"self":[{"href":"https:\/\/microscopemedia.com\/index.php?rest_route=\/wp\/v2\/posts\/689769"}],"collection":[{"href":"https:\/\/microscopemedia.com\/index.php?rest_route=\/wp\/v2\/posts"}],"about":[{"href":"https:\/\/microscopemedia.com\/index.php?rest_route=\/wp\/v2\/types\/post"}],"author":[{"embeddable":true,"href":"https:\/\/microscopemedia.com\/index.php?rest_route=\/wp\/v2\/users\/1"}],"replies":[{"embeddable":true,"href":"https:\/\/microscopemedia.com\/index.php?rest_route=%2Fwp%2Fv2%2Fcomments&post=689769"}],"version-history":[{"count":0,"href":"https:\/\/microscopemedia.com\/index.php?rest_route=\/wp\/v2\/posts\/689769\/revisions"}],"wp:featuredmedia":[{"embeddable":true,"href":"https:\/\/microscopemedia.com\/index.php?rest_route=\/wp\/v2\/media\/689770"}],"wp:attachment":[{"href":"https:\/\/microscopemedia.com\/index.php?rest_route=%2Fwp%2Fv2%2Fmedia&parent=689769"}],"wp:term":[{"taxonomy":"category","embeddable":true,"href":"https:\/\/microscopemedia.com\/index.php?rest_route=%2Fwp%2Fv2%2Fcategories&post=689769"},{"taxonomy":"post_tag","embeddable":true,"href":"https:\/\/microscopemedia.com\/index.php?rest_route=%2Fwp%2Fv2%2Ftags&post=689769"}],"curies":[{"name":"wp","href":"https:\/\/api.w.org\/{rel}","templated":true}]}}