{"id":689771,"date":"2026-04-28T15:46:03","date_gmt":"2026-04-28T15:46:03","guid":{"rendered":"https:\/\/microscopemedia.com\/?p=689771"},"modified":"2026-04-28T15:46:03","modified_gmt":"2026-04-28T15:46:03","slug":"nazare-dupa-ce-a-fost-publicata-executia-bugetara-pentru-t1-reconfirma-reducerea-deficitului","status":"publish","type":"post","link":"https:\/\/microscopemedia.com\/?p=689771","title":{"rendered":"Nazare, dup\u0103 ce a fost publicat\u0103 execu\u021bia bugetar\u0103 pentru T1: Reconfirm\u0103 reducerea deficitului"},"content":{"rendered":"<div><img decoding=\"async\" src=\"https:\/\/microscopemedia.com\/wp-content\/uploads\/2026\/04\/nazare-dupa-ce-a-fost-publicata-executia-bugetara-pentru-t1-reconfirma-reducerea-deficitului.jpg\" class=\"ff-og-image-inserted\"><\/div>\n<p id=\"p-0\">\u201e\u00centr-un context interna\u021bional marcat de cre\u015fteri ale dob\u00e2nzilor, presiuni pe costurile de finan\u021bare \u0219i \u00eencetinire economic\u0103 \u00een multe state europene \u0219i dup\u0103 un an 2025 cu dezechilibre bugetare majore, Rom\u00e2nia reu\u0219e\u0219te o corec\u021bie solid\u0103 \u0219i credibil\u0103. Cea mai important\u0103 evolu\u021bie: am reu\u015fit reducerea deficitului la 1,03% din PIB, de la 2,28% \u00een primul trimestru din 2025 \u2013 practic, mai mult dec\u00e2t \u00eenjum\u0103t\u0103\u021bit. Este un rezultat major pentru credibilitatea financiar\u0103 a Rom\u00e2niei, \u00eentr-un moment \u00een care pie\u021bele penalizeaz\u0103 rapid derapajele\u201d, spune Nazare pe Facebook.<\/p>\n<p id=\"p-1\">Ministrul afirm\u0103 c\u0103 veniturile cresc cu 12,3%, peste ritmul economiei, ceea ce subliniaz\u0103 c\u0103 m\u0103surile de l\u0103rgire a bazei de impozitare \u0219i \u00eembun\u0103t\u0103\u021birea colect\u0103rii produc efecte din ce \u00een ce mai vizibile. \u00cen acela\u0219i timp, restituirile de TVA cresc, sus\u021bin\u00e2nd lichiditatea \u00een economie.<\/p>\n<p id=\"p-2\">\u201ePe componenta de cheltuieli \u00eenregistr\u0103m o sc\u0103dere a acestora ca pondere \u00een <a href=\"https:\/\/www.mediafax.ro\/economic\/mfp-deficitul-bugetar-a-ajuns-la-103-din-pib-dupa-trei-luni-din-2026-de-peste-doua-ori-mai-mic-decat-la-31-martie-2025-23728018\" target=\"_blank\" rel=\"noopener\">PIB<\/a> \u0219i o disciplin\u0103 clar\u0103, inclusiv la cheltuielile de personal. Este un semnal important c\u0103 ajustarea nu se face doar din venituri, ci \u0219i prin controlul responsabil al cheltuielilor. Investi\u021biile r\u0103m\u00e2n, totodat\u0103, la un nivel ridicat \u2013 finan\u021bate preponderent din fonduri europene, \u00een cre\u0219tere semnificativ\u0103. Un aspect important \u00een contextul bugetar actual al Rom\u00e2niei, pentru c\u0103 \u00eenseamn\u0103 dezvoltare f\u0103r\u0103 presiune suplimentar\u0103 pe deficit \u0219i pe \u00eemprumuturi interne. De asemenea, cre\u0219terea puternic\u0103 a sumelor rambursate de Uniunea European\u0103 confirm\u0103 accelerarea absorb\u021biei fondurilor europene \u2013 o prioritate strategic\u0103 anul acesta. Toate evolu\u021biile \u00eenregistrate \u00een raportul curent al execu\u021biei bugetare transmit clar semnalul c\u0103 Rom\u00e2nia \u2013 prin guvernul condus de Ilie Bolojan \u2013 \u00ee\u0219i corecteaz\u0103 dezechilibrele \u00eentr-un mod sustenabil, f\u0103r\u0103 a sacrifica investi\u021biile \u0219i cre\u0219terea economic\u0103, \u00eentr-un context de instabilitate at\u00e2t extern c\u00e2t \u015fi intern. Sper\u0103m ca publicarea acestor date s\u0103 contribuie la temperarea efectelor recente ale cre\u0219terii dob\u00e2nzilor, oferind pie\u021belor un argument solid privind direc\u021bia responsabil\u0103 a finan\u021belor publice ale Rom\u00e2niei\u201d, mai spune ministrul.<\/p>\n<p id=\"p-3\">Execu\u021bia bugetului general consolidat \u00een primele trei luni ale anului 2026 s-a \u00eencheiat cu un deficit de 21,09 miliarde de lei, ceea ce \u00eenseamn\u0103 1,03% din PIB, comparativ cu deficitul de 43,66 miliarde de lei, care \u00eensemna 2,28% din PIB, \u00eenregistrat \u00een aceea\u0219i perioad\u0103 a anului 2025. Aceast\u0103 evolu\u021bie reprezint\u0103 o diminuare de 1,25% a deficitului bugetar ca pondere \u00een PIB, pe fondul cre\u0219terii veniturilor \u0219i al controlului cheltuielilor. Nominal, sc\u0103derea este de aproximativ dou\u0103 ori mai mic\u0103, dac\u0103 nu ar fi luat\u0103 \u00een calcul cre\u0219terea PIB-ului anual.<\/p>\n","protected":false},"excerpt":{"rendered":"<p>\u201e\u00centr-un context interna\u021bional marcat de cre\u015fteri ale dob\u00e2nzilor, presiuni pe costurile de finan\u021bare \u0219i \u00eencetinire economic\u0103 \u00een multe state europene \u0219i dup\u0103 un an 2025 cu dezechilibre bugetare majore, Rom\u00e2nia &hellip; <a href=\"https:\/\/microscopemedia.com\/?p=689771\" class=\"more-link\">Read More<\/a><\/p>\n","protected":false},"author":1,"featured_media":689772,"comment_status":"closed","ping_status":"closed","sticky":false,"template":"Default","format":"standard","meta":[],"categories":[1],"tags":[],"_links":{"self":[{"href":"https:\/\/microscopemedia.com\/index.php?rest_route=\/wp\/v2\/posts\/689771"}],"collection":[{"href":"https:\/\/microscopemedia.com\/index.php?rest_route=\/wp\/v2\/posts"}],"about":[{"href":"https:\/\/microscopemedia.com\/index.php?rest_route=\/wp\/v2\/types\/post"}],"author":[{"embeddable":true,"href":"https:\/\/microscopemedia.com\/index.php?rest_route=\/wp\/v2\/users\/1"}],"replies":[{"embeddable":true,"href":"https:\/\/microscopemedia.com\/index.php?rest_route=%2Fwp%2Fv2%2Fcomments&post=689771"}],"version-history":[{"count":0,"href":"https:\/\/microscopemedia.com\/index.php?rest_route=\/wp\/v2\/posts\/689771\/revisions"}],"wp:featuredmedia":[{"embeddable":true,"href":"https:\/\/microscopemedia.com\/index.php?rest_route=\/wp\/v2\/media\/689772"}],"wp:attachment":[{"href":"https:\/\/microscopemedia.com\/index.php?rest_route=%2Fwp%2Fv2%2Fmedia&parent=689771"}],"wp:term":[{"taxonomy":"category","embeddable":true,"href":"https:\/\/microscopemedia.com\/index.php?rest_route=%2Fwp%2Fv2%2Fcategories&post=689771"},{"taxonomy":"post_tag","embeddable":true,"href":"https:\/\/microscopemedia.com\/index.php?rest_route=%2Fwp%2Fv2%2Ftags&post=689771"}],"curies":[{"name":"wp","href":"https:\/\/api.w.org\/{rel}","templated":true}]}}