{"id":689785,"date":"2026-04-28T17:06:03","date_gmt":"2026-04-28T17:06:03","guid":{"rendered":"https:\/\/microscopemedia.com\/?p=689785"},"modified":"2026-04-28T17:06:03","modified_gmt":"2026-04-28T17:06:03","slug":"noi-avansam-in-scenarii-ce-spune-nicusor-dan-despre-alegerile-anticipate","status":"publish","type":"post","link":"https:\/\/microscopemedia.com\/?p=689785","title":{"rendered":"\u201eNoi avans\u0103m \u00een scenarii\u201d. Ce spune Nicu\u0219or Dan despre alegerile anticipate"},"content":{"rendered":"<div><img decoding=\"async\" src=\"https:\/\/microscopemedia.com\/wp-content\/uploads\/2026\/04\/noi-avansam-in-scenarii-ce-spune-nicusor-dan-despre-alegerile-anticipate.jpg\" class=\"ff-og-image-inserted\"><\/div>\n<p class=\"p1\" id=\"p-0\"><span><strong><a href=\"https:\/\/www.mediafax.ro\/stirile-zilei\/ce-face-nicusor-dan-la-summitul-initiativei-celor-trei-mari-din-dubrovnik-fara-bilaterala-cu-gazda-croata-23727384\">Pre\u0219edintele Nicu\u0219or Dan a vorbit la Dubrovnik<\/a> <\/strong><\/span>despre <span><strong><a href=\"https:\/\/www.reuters.com\/business\/romanias-two-largest-parties-call-no-confidence-vote-pro-european-government-2026-04-28\/\">scenariul alegerilor anticipate<\/a><\/strong><\/span>:<\/p>\n<p class=\"p1\" id=\"p-1\">\u201eNoi tot avans\u0103m scenarii, dar lista scenariilor le aveam de la \u00eenceput. Este extrem de improbabil. Nicio criz\u0103 nu s-a terminat \u00een anticipate. Nu trebuie luat in considerare\u201d.<\/p>\n<p class=\"p1\" id=\"p-2\">Pre\u0219edintele Nicu\u0219or Dan spune c\u0103 mar\u021bi s-au \u00eent\u00e2mplat dou\u0103 lucruri. \u201eS-a depus o mo\u021biune de cenzur\u0103 \u0219i s-a votat 9 miliarde de euro pentru programul SAFE. Mo\u021biunea era un scenariu a\u0219teptat. Salut\u0103m direc\u021bia proeuropean\u0103, ca proiectul s\u0103 intre \u00een procedura de contractare la MAPN. Am avut votul de azi care se datoreaz\u0103 discu\u021biei de alalt\u0103ieri\u201d.<\/p>\n<p id=\"p-3\">Nicu\u0219or Dan spune c\u0103 Ilie Bolojan este o persoan\u0103 pe care o respect\u0103, \u201eo persoana foarte serioas\u0103\u201d.<\/p>\n<p id=\"p-4\">\u201eCe am constatat: avem un split al celor 2 direc\u021bii proeuropene. Fa\u021b\u0103 de mo\u021biune, este un act administrativ, \u00eemi p\u0103strez echidistan\u021ba\u201d, a declarat pre\u0219edintele.<\/p>\n<p class=\"p1\" id=\"p-5\">\u0218eful statului crede c\u0103 este \u201eextrem de improbabil ca PSD s\u0103 fac\u0103 guvern cu AUR, a\u0219a cum a declarat si pre\u0219edintele PSD. Trebuie s\u0103-i luam \u00een serios\u201d.<\/p>\n<p class=\"p1\" id=\"p-6\">Pre\u0219edintele Nicu\u0219or Dan a vorbit \u00een Croa\u021bia despre situa\u021bia politic\u0103 din Rom\u00e2nia, dup\u0103 depunerea de c\u0103tre PSD \u0219i AUR a mo\u021biunii de cenzur\u0103 \u00eempotriva Guvernului Bolojan.<\/p>\n","protected":false},"excerpt":{"rendered":"<p>Pre\u0219edintele Nicu\u0219or Dan a vorbit la Dubrovnik despre scenariul alegerilor anticipate: \u201eNoi tot avans\u0103m scenarii, dar lista scenariilor le aveam de la \u00eenceput. Este extrem de improbabil. Nicio criz\u0103 nu &hellip; <a href=\"https:\/\/microscopemedia.com\/?p=689785\" class=\"more-link\">Read More<\/a><\/p>\n","protected":false},"author":1,"featured_media":689786,"comment_status":"closed","ping_status":"closed","sticky":false,"template":"Default","format":"standard","meta":[],"categories":[1],"tags":[],"_links":{"self":[{"href":"https:\/\/microscopemedia.com\/index.php?rest_route=\/wp\/v2\/posts\/689785"}],"collection":[{"href":"https:\/\/microscopemedia.com\/index.php?rest_route=\/wp\/v2\/posts"}],"about":[{"href":"https:\/\/microscopemedia.com\/index.php?rest_route=\/wp\/v2\/types\/post"}],"author":[{"embeddable":true,"href":"https:\/\/microscopemedia.com\/index.php?rest_route=\/wp\/v2\/users\/1"}],"replies":[{"embeddable":true,"href":"https:\/\/microscopemedia.com\/index.php?rest_route=%2Fwp%2Fv2%2Fcomments&post=689785"}],"version-history":[{"count":0,"href":"https:\/\/microscopemedia.com\/index.php?rest_route=\/wp\/v2\/posts\/689785\/revisions"}],"wp:featuredmedia":[{"embeddable":true,"href":"https:\/\/microscopemedia.com\/index.php?rest_route=\/wp\/v2\/media\/689786"}],"wp:attachment":[{"href":"https:\/\/microscopemedia.com\/index.php?rest_route=%2Fwp%2Fv2%2Fmedia&parent=689785"}],"wp:term":[{"taxonomy":"category","embeddable":true,"href":"https:\/\/microscopemedia.com\/index.php?rest_route=%2Fwp%2Fv2%2Fcategories&post=689785"},{"taxonomy":"post_tag","embeddable":true,"href":"https:\/\/microscopemedia.com\/index.php?rest_route=%2Fwp%2Fv2%2Ftags&post=689785"}],"curies":[{"name":"wp","href":"https:\/\/api.w.org\/{rel}","templated":true}]}}