{"id":689787,"date":"2026-04-28T17:16:03","date_gmt":"2026-04-28T17:16:03","guid":{"rendered":"https:\/\/microscopemedia.com\/?p=689787"},"modified":"2026-04-28T17:16:03","modified_gmt":"2026-04-28T17:16:03","slug":"nicusor-dan-partidele-pro-europene-nu-vor-guverna-cu-aur-ma-voi-asigura-ca-romania-nu-va-fi-deviata-de-pe-directia-pro-europeana","status":"publish","type":"post","link":"https:\/\/microscopemedia.com\/?p=689787","title":{"rendered":"Nicu\u0219or Dan: Partidele pro-europene nu vor guverna cu AUR. \u201eM\u0103 voi asigura c\u0103 Rom\u00e2nia nu va fi deviat\u0103 de pe direc\u021bia pro-european\u0103\u201d"},"content":{"rendered":"<div><img decoding=\"async\" src=\"https:\/\/microscopemedia.com\/wp-content\/uploads\/2026\/04\/nicusor-dan-partidele-pro-europene-nu-vor-guverna-cu-aur-ma-voi-asigura-ca-romania-nu-va-fi-deviata-de-pe-directia-pro-europeana.jpg\" class=\"ff-og-image-inserted\"><\/div>\n<p id=\"p-0\">Aflat la Dubrovnik, unde particip\u0103 la Summit-ul I3M (Ini\u021biativa celor Trei M\u0103ri, un format de cooperare regional\u0103 \u00eentre state din UE din Europa Central\u0103 \u0219i de Est), pre\u0219edintele Rom\u00e2niei, Nicu\u0219or Dan, a comentat posibilele alian\u021be politice \u0219i direc\u021bia pro-european\u0103 a \u021b\u0103rii.<\/p>\n<h2 id=\"chapter-0\">Rela\u021bia cu PSD, tratat\u0103 la nivel institu\u021bional<\/h2>\n<p id=\"p-1\">\u00centrebat despre o posibil\u0103 apropiere \u00eentre PSD \u0219i AUR, \u00een contextul \u00een care Sorin Grindeanu ar fi \u201eb\u0103tut palma\u201d cu George Simion, \u0219eful statului a spus c\u0103 evaluarea trebuie f\u0103cut\u0103 \u00een plan institu\u021bional, nu personal.<\/p>\n<p id=\"p-2\">\u201eCred c\u0103 noi vorbim de rela\u021bii institu\u021bionale, nu de rela\u021bii personale. Institu\u021bional, e o evaluare pe care o fac. Au f\u0103cut un lucru bun c\u0103 au votat azi programul SAFE. Iar toat\u0103 evaluarea, pe toate lunile astea, e\u2026 \u00een toate direc\u021biile\u201d, a spus Nicu\u0219or Dan.<\/p>\n<h2 id=\"chapter-1\">Scenariul numirii premierului, sub control preziden\u021bial<\/h2>\n<p id=\"p-3\">Referitor la modul \u00een care va garanta men\u021binerea traseului european al Rom\u00e2niei, \u00een condi\u021biile crizei politice \u0219i ale \u00eengrijor\u0103rilor din plan social \u0219i financiar, pre\u0219edintele a invocat angajamentele partidelor.<\/p>\n<p id=\"p-4\">\u201eDa, \u00een primul r\u00e2nd avem declara\u021bia partidelor. Nici unul dintre partidele pro-europene nu spune c\u0103 vrea s\u0103 fac\u0103 un guvern cu for\u021be antioccidentale AUR. Apoi, \u00een acel scenariu \u00een care eu voi avea de numit un prim-ministru\u2026 \u00een acel scenariu, repet, m\u0103 voi asigura c\u0103 lucrul acest nu se va \u00eent\u00e2mpla\u201d, a declarat Nicu\u0219or Dan.<\/p>\n","protected":false},"excerpt":{"rendered":"<p>Aflat la Dubrovnik, unde particip\u0103 la Summit-ul I3M (Ini\u021biativa celor Trei M\u0103ri, un format de cooperare regional\u0103 \u00eentre state din UE din Europa Central\u0103 \u0219i de Est), pre\u0219edintele Rom\u00e2niei, Nicu\u0219or &hellip; <a href=\"https:\/\/microscopemedia.com\/?p=689787\" class=\"more-link\">Read More<\/a><\/p>\n","protected":false},"author":1,"featured_media":689788,"comment_status":"closed","ping_status":"closed","sticky":false,"template":"Default","format":"standard","meta":[],"categories":[1],"tags":[],"_links":{"self":[{"href":"https:\/\/microscopemedia.com\/index.php?rest_route=\/wp\/v2\/posts\/689787"}],"collection":[{"href":"https:\/\/microscopemedia.com\/index.php?rest_route=\/wp\/v2\/posts"}],"about":[{"href":"https:\/\/microscopemedia.com\/index.php?rest_route=\/wp\/v2\/types\/post"}],"author":[{"embeddable":true,"href":"https:\/\/microscopemedia.com\/index.php?rest_route=\/wp\/v2\/users\/1"}],"replies":[{"embeddable":true,"href":"https:\/\/microscopemedia.com\/index.php?rest_route=%2Fwp%2Fv2%2Fcomments&post=689787"}],"version-history":[{"count":0,"href":"https:\/\/microscopemedia.com\/index.php?rest_route=\/wp\/v2\/posts\/689787\/revisions"}],"wp:featuredmedia":[{"embeddable":true,"href":"https:\/\/microscopemedia.com\/index.php?rest_route=\/wp\/v2\/media\/689788"}],"wp:attachment":[{"href":"https:\/\/microscopemedia.com\/index.php?rest_route=%2Fwp%2Fv2%2Fmedia&parent=689787"}],"wp:term":[{"taxonomy":"category","embeddable":true,"href":"https:\/\/microscopemedia.com\/index.php?rest_route=%2Fwp%2Fv2%2Fcategories&post=689787"},{"taxonomy":"post_tag","embeddable":true,"href":"https:\/\/microscopemedia.com\/index.php?rest_route=%2Fwp%2Fv2%2Ftags&post=689787"}],"curies":[{"name":"wp","href":"https:\/\/api.w.org\/{rel}","templated":true}]}}