{"id":689789,"date":"2026-04-28T17:26:04","date_gmt":"2026-04-28T17:26:04","guid":{"rendered":"https:\/\/microscopemedia.com\/?p=689789"},"modified":"2026-04-28T17:26:04","modified_gmt":"2026-04-28T17:26:04","slug":"marius-voineag-o-noua-functie-in-parchetul-general-la-cererea-procurorului-general-al-romaniei-cristina-chiriac-fosta-sefa-a-diicot-iese-la-pensie","status":"publish","type":"post","link":"https:\/\/microscopemedia.com\/?p=689789","title":{"rendered":"Marius Voineag, o nou\u0103 func\u021bie \u00een Parchetul General, la cererea procurorului general al Rom\u00e2niei, Cristina Chiriac. Fosta \u0219ef\u0103 a DIICOT iese la pensie"},"content":{"rendered":"<p class=\"p1\" id=\"p-0\"><span><strong><a href=\"https:\/\/www.csm1909.ro\/ViewFile.ashx?guid=5fc8cde0-e21e-4524-85bb-4b449c0e1f22-InfoCSM\">Sec\u021bia de procurori din CSM a aprobat ast\u0103zi \u00een unanimitate<\/a><\/strong><\/span> (6 pentru \u2013 0 \u00eempotriv\u0103) ca fostul \u0219ef al DNA, Marius Voineag, numit de pre\u0219edintele Nicu\u0219or Dan adjunct al Parchetului General, s\u0103 \u00eendeplineasc\u0103 p\u00e2n\u0103 pe 29 iunie 2026 func\u021bia de procuror \u015fef adjunct al Sec\u0163iei de urm\u0103rire penal\u0103 din cadrul Parchetului de pe l\u00e2ng\u0103 \u00cenalta Curte de Casa\u0163ie \u015fi Justi\u0163ie.<\/p>\n<div id=\"attachment_23728115\" class=\"wp-caption aligncenter\" readability=\"39\"><img aria-describedby=\"caption-attachment-23728115\" class=\"wp-image-23728115 size-full\" src=\"https:\/\/microscopemedia.com\/wp-content\/uploads\/2026\/04\/marius-voineag-o-noua-functie-in-parchetul-general-la-cererea-procurorului-general-al-romaniei-cristina-chiriac-fosta-sefa-a-diicot-iese-la-pensie.webp\" alt width=\"700\" height=\"467\" loading=\"lazy\" decoding=\"async\" srcset=\"https:\/\/microscopemedia.com\/wp-content\/uploads\/2026\/04\/marius-voineag-o-noua-functie-in-parchetul-general-la-cererea-procurorului-general-al-romaniei-cristina-chiriac-fosta-sefa-a-diicot-iese-la-pensie-2.webp 500w, https:\/\/microscopemedia.com\/wp-content\/uploads\/2026\/04\/marius-voineag-o-noua-functie-in-parchetul-general-la-cererea-procurorului-general-al-romaniei-cristina-chiriac-fosta-sefa-a-diicot-iese-la-pensie.webp 728w\"><\/p>\n<p id=\"caption-attachment-23728115\" class=\"wp-caption-text\">Marius-Ionut Voineag, procuror-sef al DNA, participa la prezentarea raportului anual al Directiei Nationale Anticoruptie (DNA) pe anul 2025, la sediul BNR din Capitala, joi, 19 februarie 2026. ALEXANDRU DOBRE \/ MEDIAFAX FOTO<\/p>\n<\/div>\n<p class=\"p1\" id=\"p-1\">Mutarea temporar\u0103 a lui Voineag vine \u00een urma unei solicit\u0103ri a procurorului general al Rom\u00e2niei, Cristina Chiriac. <span><strong><a href=\"https:\/\/www.mediafax.ro\/stirile-zilei\/presedintele-nicusor-dan-a-numit-procurorii-sefi-cristina-chiriac-procuror-general-al-romaniei-viorel-cerbu-procuror-sef-al-dna-si-codrin-miron-procuror-sef-al-diic-23717069\">Voineag preia astfel p\u00e2n\u0103 \u00een iunie 2026<\/a> <\/strong><\/span>func\u021bia pe care a avut-o \u00eenainte s\u0103 fie numit procuror \u0219ef al DNA \u00een 2025.<\/p>\n<p class=\"p1\" id=\"p-2\">Astfel, Marius Voineag va fi delegat \u00een func\u021bia de procuror \u015fef adjunct al Sec\u0163iei de urm\u0103rire penal\u0103 din cadrul Parchetului de pe l\u00e2ng\u0103 \u00cenalta Curte de Casa\u0163ie \u015fi Justi\u0163ie, \u00eencep\u00e2nd cu data de 06.05.2026 p\u00e2n\u0103 la data de 29.06.2026, inclusiv, sau p\u00e2n\u0103 la ocuparea func\u021biei prin numire, \u00een condi\u021biile legii.<\/p>\n<p class=\"p1\" id=\"p-3\">Tot ast\u0103zi, Sec\u021bia pentru Procurori din CSM a decis s\u0103 \u00eenainteze c\u0103tre Pre\u015fedintele Rom\u00e2niei, Nicu\u0219or Dan, propunerea de eliberare din func\u0163ie, prin pensionare, fostei \u0219efe a DIICOT, Alina Albu, \u00eencep\u00e2nd cu data de 14.05.2026. Decizia a fost luat\u0103 \u0219i \u00een acest caz \u00een unanimitate.<\/p>\n<div id=\"attachment_23728116\" class=\"wp-caption aligncenter\" readability=\"34\"><img aria-describedby=\"caption-attachment-23728116\" class=\"wp-image-23728116 size-full\" src=\"https:\/\/microscopemedia.com\/wp-content\/uploads\/2026\/04\/marius-voineag-o-noua-functie-in-parchetul-general-la-cererea-procurorului-general-al-romaniei-cristina-chiriac-fosta-sefa-a-diicot-iese-la-pensie-1.webp\" alt width=\"700\" height=\"365\" loading=\"lazy\" decoding=\"async\" srcset=\"https:\/\/microscopemedia.com\/wp-content\/uploads\/2026\/04\/marius-voineag-o-noua-functie-in-parchetul-general-la-cererea-procurorului-general-al-romaniei-cristina-chiriac-fosta-sefa-a-diicot-iese-la-pensie-3.webp 500w, https:\/\/microscopemedia.com\/wp-content\/uploads\/2026\/04\/marius-voineag-o-noua-functie-in-parchetul-general-la-cererea-procurorului-general-al-romaniei-cristina-chiriac-fosta-sefa-a-diicot-iese-la-pensie-1.webp 728w\"><\/p>\n<p id=\"caption-attachment-23728116\" class=\"wp-caption-text\">Alina Albu, fosta \u0219ef\u0103 a DIICOT, la audierile de la MJ<\/p>\n<\/div>\n<p class=\"p1\" id=\"p-4\">\u00cen urma numirii \u0219efilor marilor parchete de c\u0103tre Pre\u0219edintele Nicu\u0219or Dan, Sec\u021bia pentru Procurori din CSM a decis \u00eencetarea activit\u0103\u021bii \u00een cadrul DNA\/ DNA Ia\u0219i a Cristinei Chiriac (numit\u0103 procuror general al Rom\u00e2niei, \u00eencetarea activit\u0103\u021bii \u00een fruntea DIICOT Timi\u0219oara a lui Codrin Miron (numit procuror \u0219ef DIICOT), \u00eencetarea mandatului de \u0219ef al serviciului Tehnic \u0219i adjunct al DNA \u00een cazul lui Viorel Cerbu (numit procuror \u0219ef al DNA) \u0219i \u00eencetarea mandatului de \u0219ef al DNA Pite\u0219ti pentru Marius \u0218tefan (numit adjunct al DNA).<\/p>\n","protected":false},"excerpt":{"rendered":"<p>Sec\u021bia de procurori din CSM a aprobat ast\u0103zi \u00een unanimitate (6 pentru \u2013 0 \u00eempotriv\u0103) ca fostul \u0219ef al DNA, Marius Voineag, numit de pre\u0219edintele Nicu\u0219or Dan adjunct al Parchetului &hellip; <a href=\"https:\/\/microscopemedia.com\/?p=689789\" class=\"more-link\">Read More<\/a><\/p>\n","protected":false},"author":1,"featured_media":689790,"comment_status":"closed","ping_status":"closed","sticky":false,"template":"Default","format":"standard","meta":[],"categories":[1],"tags":[],"_links":{"self":[{"href":"https:\/\/microscopemedia.com\/index.php?rest_route=\/wp\/v2\/posts\/689789"}],"collection":[{"href":"https:\/\/microscopemedia.com\/index.php?rest_route=\/wp\/v2\/posts"}],"about":[{"href":"https:\/\/microscopemedia.com\/index.php?rest_route=\/wp\/v2\/types\/post"}],"author":[{"embeddable":true,"href":"https:\/\/microscopemedia.com\/index.php?rest_route=\/wp\/v2\/users\/1"}],"replies":[{"embeddable":true,"href":"https:\/\/microscopemedia.com\/index.php?rest_route=%2Fwp%2Fv2%2Fcomments&post=689789"}],"version-history":[{"count":0,"href":"https:\/\/microscopemedia.com\/index.php?rest_route=\/wp\/v2\/posts\/689789\/revisions"}],"wp:featuredmedia":[{"embeddable":true,"href":"https:\/\/microscopemedia.com\/index.php?rest_route=\/wp\/v2\/media\/689790"}],"wp:attachment":[{"href":"https:\/\/microscopemedia.com\/index.php?rest_route=%2Fwp%2Fv2%2Fmedia&parent=689789"}],"wp:term":[{"taxonomy":"category","embeddable":true,"href":"https:\/\/microscopemedia.com\/index.php?rest_route=%2Fwp%2Fv2%2Fcategories&post=689789"},{"taxonomy":"post_tag","embeddable":true,"href":"https:\/\/microscopemedia.com\/index.php?rest_route=%2Fwp%2Fv2%2Ftags&post=689789"}],"curies":[{"name":"wp","href":"https:\/\/api.w.org\/{rel}","templated":true}]}}