{"id":689793,"date":"2026-04-28T17:56:04","date_gmt":"2026-04-28T17:56:04","guid":{"rendered":"https:\/\/microscopemedia.com\/?p=689793"},"modified":"2026-04-28T17:56:04","modified_gmt":"2026-04-28T17:56:04","slug":"departamentul-de-justitie-il-pune-sub-acuzare-pentru-a-doua-oara-pe-fostul-director-fbi-james-comey","status":"publish","type":"post","link":"https:\/\/microscopemedia.com\/?p=689793","title":{"rendered":"Departamentul de Justi\u021bie \u00eel pune sub acuzare pentru a doua oar\u0103 pe fostul director FBI, James Comey"},"content":{"rendered":"<div><img decoding=\"async\" src=\"https:\/\/microscopemedia.com\/wp-content\/uploads\/2026\/04\/departamentul-de-justitie-il-pune-sub-acuzare-pentru-a-doua-oara-pe-fostul-director-fbi-james-comey.jpg\" class=\"ff-og-image-inserted\"><\/div>\n<p id=\"p-0\">Acuza\u021biile specifice nu au fost imediat clare, scrie <a href=\"https:\/\/edition.cnn.com\/2026\/04\/28\/politics\/justice-department-indicts-ex-fbi-director-james-comey-again?cid=ios_app\" target=\"_blank\" rel=\"noopener\">CNN<\/a>.<\/p>\n<p id=\"p-1\">Pre\u0219edintele Donald Trump a insistat mult timp ca adversarii s\u0103i politici s\u0103 fie acuza\u021bi, inclusiv fostul director FBI, pe care \u00eel considera un juc\u0103tor cheie \u00een presupusul efort de a \u201e\u00eenarma\u201d sistemul judiciar \u00eempotriva sa.<\/p>\n<p id=\"p-2\">\u00cen septembrie anul trecut, Departamentul de Justi\u021bie a adus pentru prima dat\u0103 acuza\u021bii \u00eempotriva lui Comey, acuz\u00e2ndu-l c\u0103 a min\u021bit Congresul \u00een leg\u0103tur\u0103 cu scurgeri de informa\u021bii c\u0103tre pres\u0103. Cazul a fost clasat la sf\u00e2r\u0219itul anului trecut de un judec\u0103tor federal care a constatat c\u0103 procurorul interimar al SUA pentru Districtul Estic al Virginiei a fost numit \u00een mod necorespunz\u0103tor, evit\u00e2nd aprobarea Senatului.<\/p>\n<p id=\"p-3\">Avoca\u021bii lui Comey au refuzat s\u0103 comenteze aceast\u0103 situa\u021bie.<\/p>\n<p id=\"p-4\">Efortul pare s\u0103 fi fost revigorat de procurorul general interimar Todd Blanche, care a accelerat ritmul de a intenta cazuri pentru care pre\u0219edintele a luptat public de c\u00e2nd a fost ales pentru acest rol.<\/p>\n<p id=\"p-5\">Fostul director a c\u0103zut \u00een dizgra\u021bie \u00een fa\u021ba lui Trump \u00eenainte de a fi ales pre\u0219edinte pentru prima dat\u0103, deoarece agen\u021bia lui Comey a investigat campania lui Trump \u0219i leg\u0103turile sale cu Rusia. Comey a fost concediat \u00een lunile de dup\u0103 inaugurare.<\/p>\n<p id=\"p-6\">De la demitere, Comey a devenit un critic \u00eenfocat al lui Trump \u0219i un inamic cheie al republicanilor de la Casa Alb\u0103 \u0219i de la Capitoliu.<\/p>\n","protected":false},"excerpt":{"rendered":"<p>Acuza\u021biile specifice nu au fost imediat clare, scrie CNN. Pre\u0219edintele Donald Trump a insistat mult timp ca adversarii s\u0103i politici s\u0103 fie acuza\u021bi, inclusiv fostul director FBI, pe care \u00eel &hellip; <a href=\"https:\/\/microscopemedia.com\/?p=689793\" class=\"more-link\">Read More<\/a><\/p>\n","protected":false},"author":1,"featured_media":689794,"comment_status":"closed","ping_status":"closed","sticky":false,"template":"Default","format":"standard","meta":[],"categories":[1],"tags":[],"_links":{"self":[{"href":"https:\/\/microscopemedia.com\/index.php?rest_route=\/wp\/v2\/posts\/689793"}],"collection":[{"href":"https:\/\/microscopemedia.com\/index.php?rest_route=\/wp\/v2\/posts"}],"about":[{"href":"https:\/\/microscopemedia.com\/index.php?rest_route=\/wp\/v2\/types\/post"}],"author":[{"embeddable":true,"href":"https:\/\/microscopemedia.com\/index.php?rest_route=\/wp\/v2\/users\/1"}],"replies":[{"embeddable":true,"href":"https:\/\/microscopemedia.com\/index.php?rest_route=%2Fwp%2Fv2%2Fcomments&post=689793"}],"version-history":[{"count":0,"href":"https:\/\/microscopemedia.com\/index.php?rest_route=\/wp\/v2\/posts\/689793\/revisions"}],"wp:featuredmedia":[{"embeddable":true,"href":"https:\/\/microscopemedia.com\/index.php?rest_route=\/wp\/v2\/media\/689794"}],"wp:attachment":[{"href":"https:\/\/microscopemedia.com\/index.php?rest_route=%2Fwp%2Fv2%2Fmedia&parent=689793"}],"wp:term":[{"taxonomy":"category","embeddable":true,"href":"https:\/\/microscopemedia.com\/index.php?rest_route=%2Fwp%2Fv2%2Fcategories&post=689793"},{"taxonomy":"post_tag","embeddable":true,"href":"https:\/\/microscopemedia.com\/index.php?rest_route=%2Fwp%2Fv2%2Ftags&post=689793"}],"curies":[{"name":"wp","href":"https:\/\/api.w.org\/{rel}","templated":true}]}}