{"id":689797,"date":"2026-04-28T18:16:04","date_gmt":"2026-04-28T18:16:04","guid":{"rendered":"https:\/\/microscopemedia.com\/?p=689797"},"modified":"2026-04-28T18:16:04","modified_gmt":"2026-04-28T18:16:04","slug":"mii-de-olandezi-au-sarbatorit-ziua-regelui-pe-strazile-din-amsterdam","status":"publish","type":"post","link":"https:\/\/microscopemedia.com\/?p=689797","title":{"rendered":"Mii de olandezi au s\u0103rb\u0103torit ziua regelui pe str\u0103zile din Amsterdam"},"content":{"rendered":"<div><img decoding=\"async\" src=\"https:\/\/microscopemedia.com\/wp-content\/uploads\/2026\/04\/mii-de-olandezi-au-sarbatorit-ziua-regelui-pe-strazile-din-amsterdam.jpg\" class=\"ff-og-image-inserted\"><\/div>\n<p class=\"summary js-video-description\" id=\"p-0\"><span dir=\"auto\">Mul\u021bimi de oameni \u00eembr\u0103ca\u021bi \u00een portocaliu au umplut, luni, str\u0103zile din Amsterdam, \u00een cadrul s\u0103rb\u0103torilor de ziua de na\u0219tere a monarhului olandez Willem-Alexander, relateaz\u0103 <a href=\"https:\/\/www.euronews.com\/video\/2026\/04\/28\/thousands-filled-amsterdams-streets-and-canals-to-celebrate-the-kings-birthday\" target=\"_blank\" rel=\"noopener\">Euronews<\/a>.<\/span><\/p>\n<p id=\"p-1\">Olandezii s-au adunat s\u0103 danseze, s\u0103 c\u00e2nte \u0219i s\u0103 petreac\u0103, cu b\u0103rci pline de-a lungul c\u0103ilor navigabile ale ora\u0219ului \u0219i str\u0103zi pline de tarabe \u0219i festivit\u0103\u021bi.<\/p>\n<p id=\"p-2\"><span dir=\"auto\">Festivit\u0103\u021bile anuale de Ziua Regelui au atras at\u00e2t localnici, c\u00e2t \u0219i turi\u0219ti, mul\u021bi bucur\u00e2ndu-se de vremea cald\u0103 \u0219i de atmosfera festiv\u0103.<\/span><\/p>\n<p id=\"p-3\">\u00cen ciuda originilor sale regale, s\u0103rb\u0103toarea a devenit o celebrare na\u021bional\u0103 a prim\u0103verii \u0219i a comunit\u0103\u021bii, reunind oameni din \u00eentreaga \u021bar\u0103.<\/p>\n","protected":false},"excerpt":{"rendered":"<p>Mul\u021bimi de oameni \u00eembr\u0103ca\u021bi \u00een portocaliu au umplut, luni, str\u0103zile din Amsterdam, \u00een cadrul s\u0103rb\u0103torilor de ziua de na\u0219tere a monarhului olandez Willem-Alexander, relateaz\u0103 Euronews. Olandezii s-au adunat s\u0103 danseze, &hellip; <a href=\"https:\/\/microscopemedia.com\/?p=689797\" class=\"more-link\">Read More<\/a><\/p>\n","protected":false},"author":1,"featured_media":689798,"comment_status":"closed","ping_status":"closed","sticky":false,"template":"Default","format":"standard","meta":[],"categories":[1],"tags":[],"_links":{"self":[{"href":"https:\/\/microscopemedia.com\/index.php?rest_route=\/wp\/v2\/posts\/689797"}],"collection":[{"href":"https:\/\/microscopemedia.com\/index.php?rest_route=\/wp\/v2\/posts"}],"about":[{"href":"https:\/\/microscopemedia.com\/index.php?rest_route=\/wp\/v2\/types\/post"}],"author":[{"embeddable":true,"href":"https:\/\/microscopemedia.com\/index.php?rest_route=\/wp\/v2\/users\/1"}],"replies":[{"embeddable":true,"href":"https:\/\/microscopemedia.com\/index.php?rest_route=%2Fwp%2Fv2%2Fcomments&post=689797"}],"version-history":[{"count":0,"href":"https:\/\/microscopemedia.com\/index.php?rest_route=\/wp\/v2\/posts\/689797\/revisions"}],"wp:featuredmedia":[{"embeddable":true,"href":"https:\/\/microscopemedia.com\/index.php?rest_route=\/wp\/v2\/media\/689798"}],"wp:attachment":[{"href":"https:\/\/microscopemedia.com\/index.php?rest_route=%2Fwp%2Fv2%2Fmedia&parent=689797"}],"wp:term":[{"taxonomy":"category","embeddable":true,"href":"https:\/\/microscopemedia.com\/index.php?rest_route=%2Fwp%2Fv2%2Fcategories&post=689797"},{"taxonomy":"post_tag","embeddable":true,"href":"https:\/\/microscopemedia.com\/index.php?rest_route=%2Fwp%2Fv2%2Ftags&post=689797"}],"curies":[{"name":"wp","href":"https:\/\/api.w.org\/{rel}","templated":true}]}}