{"id":689799,"date":"2026-04-28T18:36:04","date_gmt":"2026-04-28T18:36:04","guid":{"rendered":"https:\/\/microscopemedia.com\/?p=689799"},"modified":"2026-04-28T18:36:04","modified_gmt":"2026-04-28T18:36:04","slug":"miruta-ce-a-dat-psd-aur-ului-ca-sa-ajute-sa-treaca-puntea-asta-fara-sa-intre-la-guvernare","status":"publish","type":"post","link":"https:\/\/microscopemedia.com\/?p=689799","title":{"rendered":"Miru\u021b\u0103: Ce a dat PSD AUR-ului ca s\u0103 ajute s\u0103 treac\u0103 puntea asta f\u0103r\u0103 s\u0103 intre la guvernare?"},"content":{"rendered":"<div><img decoding=\"async\" src=\"https:\/\/microscopemedia.com\/wp-content\/uploads\/2026\/04\/miruta-ce-a-dat-psd-aur-ului-ca-sa-ajute-sa-treaca-puntea-asta-fara-sa-intre-la-guvernare.jpg\" class=\"ff-og-image-inserted\"><\/div>\n<p id=\"p-0\">Radu Miru\u021b\u0103 crede c\u0103 prima \u0219ans\u0103 este ca mo\u021biunea de cenzur\u0103 s\u0103 treac\u0103 la vot. Dar alt\u0103 \u00eentrebare este f\u0103r\u0103 r\u0103spuns.<\/p>\n<p id=\"p-1\">\u201eVoturile se vor da atunci \u0219i s-ar putea ca s\u0103 existe persoane care s\u0103 r\u0103zg\u00e2ndesc. Prima \u0219ans\u0103 pentru mo\u021biunea asta este s\u0103 treac\u0103. Nu g\u0103sesc \u00eenc\u0103 r\u0103spunsul la \u00eentrebarea ce a dat PSD AUR-ului pentru c\u0103 AUR-ul se ajute s\u0103 treac\u0103 puntea asta f\u0103r\u0103 s\u0103 intre apoi la guvernare. Nu este un partid de binefaceri, Partidul Social-Democrat, \u00een ceea ce presupune interac\u021biunea politic\u0103. \u00cen scopul lor de a-l schimba pe premierul Ilie Bolojan sunt convins c\u0103 au fost dispu\u0219i s\u0103 pl\u0103teasc\u0103 orice pre\u021b politic, nu m\u0103 refer la alte modalit\u0103\u021bi. Dac\u0103 spui c\u0103 nu intri cu AUR la guvernare, ok, ce r\u0103m\u00e2ne? C\u0103 degeaba nu s-a \u00eent\u00e2mplat asta. Insisten\u021ba pentru o coali\u021bie pro-european\u0103 cu alt premier. Ce i-a oferit AUR-ului? L-a g\u0103sit idiotul util \u00een Parlament s\u0103-l foloseasc\u0103 pentru a-\u0219i atinge scopul \u0103sta? Exist\u0103 o \u00een\u021belegere cu siguran\u021b\u0103 care \u00eencepe s\u0103 m\u0103 \u00eengrijoreze\u201d, spune Radu Miru\u021b\u0103, la Euronews.<\/p>\n<p id=\"p-2\">Miru\u021b\u0103 spune c\u0103 a v\u0103zut \u00een Parlament manifest\u0103ri din partea Aur \u00eempotriva direc\u021biei europeane a Rom\u00e2niei \u0219i manifest\u0103ri din partea unor lideri politici \u201ecare nu-\u0219i trimit copii, nici la \u0219coal\u0103 la Moscova, nu se duc nici \u00een vizit\u0103 la Moscova, dar spun ca Rom\u00e2nia s\u0103 se \u00eendrepte spre Federa\u021bia Rus\u0103\u201d.<\/p>\n","protected":false},"excerpt":{"rendered":"<p>Radu Miru\u021b\u0103 crede c\u0103 prima \u0219ans\u0103 este ca mo\u021biunea de cenzur\u0103 s\u0103 treac\u0103 la vot. Dar alt\u0103 \u00eentrebare este f\u0103r\u0103 r\u0103spuns. \u201eVoturile se vor da atunci \u0219i s-ar putea ca &hellip; <a href=\"https:\/\/microscopemedia.com\/?p=689799\" class=\"more-link\">Read More<\/a><\/p>\n","protected":false},"author":1,"featured_media":689800,"comment_status":"closed","ping_status":"closed","sticky":false,"template":"Default","format":"standard","meta":[],"categories":[1],"tags":[],"_links":{"self":[{"href":"https:\/\/microscopemedia.com\/index.php?rest_route=\/wp\/v2\/posts\/689799"}],"collection":[{"href":"https:\/\/microscopemedia.com\/index.php?rest_route=\/wp\/v2\/posts"}],"about":[{"href":"https:\/\/microscopemedia.com\/index.php?rest_route=\/wp\/v2\/types\/post"}],"author":[{"embeddable":true,"href":"https:\/\/microscopemedia.com\/index.php?rest_route=\/wp\/v2\/users\/1"}],"replies":[{"embeddable":true,"href":"https:\/\/microscopemedia.com\/index.php?rest_route=%2Fwp%2Fv2%2Fcomments&post=689799"}],"version-history":[{"count":0,"href":"https:\/\/microscopemedia.com\/index.php?rest_route=\/wp\/v2\/posts\/689799\/revisions"}],"wp:featuredmedia":[{"embeddable":true,"href":"https:\/\/microscopemedia.com\/index.php?rest_route=\/wp\/v2\/media\/689800"}],"wp:attachment":[{"href":"https:\/\/microscopemedia.com\/index.php?rest_route=%2Fwp%2Fv2%2Fmedia&parent=689799"}],"wp:term":[{"taxonomy":"category","embeddable":true,"href":"https:\/\/microscopemedia.com\/index.php?rest_route=%2Fwp%2Fv2%2Fcategories&post=689799"},{"taxonomy":"post_tag","embeddable":true,"href":"https:\/\/microscopemedia.com\/index.php?rest_route=%2Fwp%2Fv2%2Ftags&post=689799"}],"curies":[{"name":"wp","href":"https:\/\/api.w.org\/{rel}","templated":true}]}}