{"id":689805,"date":"2026-04-28T19:16:04","date_gmt":"2026-04-28T19:16:04","guid":{"rendered":"https:\/\/microscopemedia.com\/?p=689805"},"modified":"2026-04-28T19:16:04","modified_gmt":"2026-04-28T19:16:04","slug":"grindeanu-daca-vrem-sa-schimbam-ceva-vrem-sa-schimbam-primul-ministru-in-niciun-caz-presedintele","status":"publish","type":"post","link":"https:\/\/microscopemedia.com\/?p=689805","title":{"rendered":"Grindeanu: Dac\u0103 vrem s\u0103 schimb\u0103m ceva, vrem s\u0103 schimb\u0103m primul ministru, \u00een niciun caz pre\u0219edintele"},"content":{"rendered":"<div><img decoding=\"async\" src=\"https:\/\/microscopemedia.com\/wp-content\/uploads\/2026\/04\/grindeanu-daca-vrem-sa-schimbam-ceva-vrem-sa-schimbam-primul-ministru-in-niciun-caz-presedintele.jpg\" class=\"ff-og-image-inserted\"><\/div>\n<p id=\"p-0\">\u201ePe mine m\u0103 intereseaz\u0103 s\u0103 \u00eenl\u0103tur minciunile spuse de premier asear\u0103 \u0219i nu doar\u2026 Cum c\u0103 PSD-ul \u0219i eu facem majorit\u0103\u021bi s\u0103 suspend\u0103m pe pre\u0219edintele Nicu\u0219or Dan. Noi am f\u0103cut aceast\u0103 mo\u021biune s\u0103-l schimb\u0103m pe el, nu pe pre\u0219edinte. Asta ca s\u0103 fie foarte clar \u0219i s\u0103 nu \u00eencerce s\u0103 arunce ni\u0219te scenarii false care nu au niciun fel de leg\u0103tur\u0103 (\u2026) E o minciun\u0103, e un neadev\u0103r. Dac\u0103 vrem s\u0103 schimb\u0103m ceva, vrem s\u0103 schimb\u0103m primul ministru, \u00een niciun caz pre\u0219edintele\u201d, a declarat Sorin Grindeanu, la Rom\u00e2nia TV.<\/p>\n<p id=\"p-1\">Sorin Grindeanu a respins, totodat\u0103, acuza\u021biile aduse de premier potrivit c\u0103rora liderul PSD ar fi min\u021bit \u00een leg\u0103tur\u0103 cu discu\u021biile purtate la Bruxelles.<\/p>\n<p id=\"p-2\">\u201eAm mai v\u0103zut o chestiune legat\u0103 de faptul c\u0103 am min\u021bit c\u00e2nd am fost la Bruxelles \u0219i c\u0103 europenii m\u0103 privesc \u0219i privesc Partidul Social-Democrat ciudat. Eu v\u0103 rog s\u0103 verifica\u021bi ce au declarat colegii de la EFB, de la PES, ce au declarat lidera de grup. (\u2026) S\u0103-\u0219i vad\u0103 c\u00e2t mai poate la guvern c\u00e2teva zile de treaba dumnealui \u0219i s\u0103 nu mai arunce minciuni \u00een spa\u021biul public\u201d, a afirmat Grindeanu.<\/p>\n<p id=\"p-3\">Acesta a reiterat c\u0103 acordul parlamentar cu AUR \u00een jurul mo\u021biunii de cenzur\u0103 vizeaz\u0103 strict schimbarea Guvernului \u0219i a prim-ministrului, f\u0103r\u0103 alte negocieri ulterioare.<\/p>\n<p id=\"p-4\">\u201eAceasta este o \u00een\u021belegere parlamentar\u0103, este o \u00een\u021belegere care are ca scop \u00eenl\u0103turarea acestui guvern \u0219i \u00een principal a primului ministru \u0219i care nu are niciun fel de \u00een\u021belegeri post-mo\u021biune sau nu exist\u0103 niciun fel de \u00een\u021belegeri post-mo\u021biune\u201d, a mai declarat Grindeanu.<\/p>\n<p id=\"p-5\">\u00cen final, liderul PSD a sus\u021binut c\u0103 scenariile vehiculate \u00een ultimele zile sunt false.<\/p>\n<p id=\"p-6\">\u201eToate celelalte lucruri spuse \u00een spa\u021biul public \u00een aceste zile, unele dintre ele amintite de mine mai \u00eenainte, sunt minciuni\u201d, a afirmat Sorin Grindeanu.<\/p>\n<p id=\"p-7\">&nbsp;<\/p>\n","protected":false},"excerpt":{"rendered":"<p>\u201ePe mine m\u0103 intereseaz\u0103 s\u0103 \u00eenl\u0103tur minciunile spuse de premier asear\u0103 \u0219i nu doar\u2026 Cum c\u0103 PSD-ul \u0219i eu facem majorit\u0103\u021bi s\u0103 suspend\u0103m pe pre\u0219edintele Nicu\u0219or Dan. Noi am f\u0103cut &hellip; <a href=\"https:\/\/microscopemedia.com\/?p=689805\" class=\"more-link\">Read More<\/a><\/p>\n","protected":false},"author":1,"featured_media":689806,"comment_status":"closed","ping_status":"closed","sticky":false,"template":"Default","format":"standard","meta":[],"categories":[1],"tags":[],"_links":{"self":[{"href":"https:\/\/microscopemedia.com\/index.php?rest_route=\/wp\/v2\/posts\/689805"}],"collection":[{"href":"https:\/\/microscopemedia.com\/index.php?rest_route=\/wp\/v2\/posts"}],"about":[{"href":"https:\/\/microscopemedia.com\/index.php?rest_route=\/wp\/v2\/types\/post"}],"author":[{"embeddable":true,"href":"https:\/\/microscopemedia.com\/index.php?rest_route=\/wp\/v2\/users\/1"}],"replies":[{"embeddable":true,"href":"https:\/\/microscopemedia.com\/index.php?rest_route=%2Fwp%2Fv2%2Fcomments&post=689805"}],"version-history":[{"count":0,"href":"https:\/\/microscopemedia.com\/index.php?rest_route=\/wp\/v2\/posts\/689805\/revisions"}],"wp:featuredmedia":[{"embeddable":true,"href":"https:\/\/microscopemedia.com\/index.php?rest_route=\/wp\/v2\/media\/689806"}],"wp:attachment":[{"href":"https:\/\/microscopemedia.com\/index.php?rest_route=%2Fwp%2Fv2%2Fmedia&parent=689805"}],"wp:term":[{"taxonomy":"category","embeddable":true,"href":"https:\/\/microscopemedia.com\/index.php?rest_route=%2Fwp%2Fv2%2Fcategories&post=689805"},{"taxonomy":"post_tag","embeddable":true,"href":"https:\/\/microscopemedia.com\/index.php?rest_route=%2Fwp%2Fv2%2Ftags&post=689805"}],"curies":[{"name":"wp","href":"https:\/\/api.w.org\/{rel}","templated":true}]}}