{"id":689809,"date":"2026-04-28T19:56:04","date_gmt":"2026-04-28T19:56:04","guid":{"rendered":"https:\/\/microscopemedia.com\/?p=689809"},"modified":"2026-04-28T19:56:04","modified_gmt":"2026-04-28T19:56:04","slug":"nicusor-dan-s-a-intalnit-cu-cancelarul-austriei-la-summitul-initiativei-celor-trei-mari","status":"publish","type":"post","link":"https:\/\/microscopemedia.com\/?p=689809","title":{"rendered":"Nicu\u0219or Dan s-a \u00eent\u00e2lnit cu cancelarul Austriei la Summitul Ini\u021biativei celor Trei M\u0103ri"},"content":{"rendered":"<div><img decoding=\"async\" src=\"https:\/\/microscopemedia.com\/wp-content\/uploads\/2026\/04\/nicusor-dan-s-a-intalnit-cu-cancelarul-austriei-la-summitul-initiativei-celor-trei-mari.jpg\" class=\"ff-og-image-inserted\"><\/div>\n<p id=\"p-0\">\u201e\u00cen marja Summitului Ini\u021biativei celor Trei M\u0103ri de la Dubrovnik, am avut pl\u0103cerea de a discuta cu Christian Stocker, cancelarul federal al Austriei, despre parteneriatul nostru european \u0219i economic\u201d, a transmis \u0219eful statului.<\/p>\n<p id=\"p-1\">Potrivit acestuia, rela\u021biile economice dintre Rom\u00e2nia \u0219i Austria r\u0103m\u00e2n solide.<\/p>\n<p id=\"p-2\">\u201eAustria este al doilea cel mai mare investitor \u00een economia Rom\u00e2niei, iar colaborarea noastr\u0103 continu\u0103 s\u0103 se dezvolte\u201d, a precizat Nicu\u0219or Dan.<\/p>\n<p id=\"p-3\">\u00cen cadrul discu\u021biilor, cei doi oficiali au abordat cooperarea bilateral\u0103 \u0219i teme legate de securitatea energetic\u0103.<\/p>\n<p id=\"p-4\">\u201eAm abordat teme cheie, precum cooperarea bilateral\u0103, pentru a consolida leg\u0103turile dintre \u021b\u0103rile noastre, precum \u0219i provoc\u0103rile energetice, deoarece este important s\u0103 g\u0103sim solu\u021bii comune pentru crizele globale\u201d, a ar\u0103tat pre\u0219edintele Rom\u00e2niei.<\/p>\n<p id=\"p-5\">\u201eSuntem preg\u0103ti\u021bi s\u0103 continu\u0103m acest parteneriat puternic, \u00een beneficiul cet\u0103\u021benilor no\u0219tri!\u201d, a \u00eencheiat Nicu\u0219or Dan.<\/p>\n","protected":false},"excerpt":{"rendered":"<p>\u201e\u00cen marja Summitului Ini\u021biativei celor Trei M\u0103ri de la Dubrovnik, am avut pl\u0103cerea de a discuta cu Christian Stocker, cancelarul federal al Austriei, despre parteneriatul nostru european \u0219i economic\u201d, a &hellip; <a href=\"https:\/\/microscopemedia.com\/?p=689809\" class=\"more-link\">Read More<\/a><\/p>\n","protected":false},"author":1,"featured_media":689810,"comment_status":"closed","ping_status":"closed","sticky":false,"template":"Default","format":"standard","meta":[],"categories":[1],"tags":[],"_links":{"self":[{"href":"https:\/\/microscopemedia.com\/index.php?rest_route=\/wp\/v2\/posts\/689809"}],"collection":[{"href":"https:\/\/microscopemedia.com\/index.php?rest_route=\/wp\/v2\/posts"}],"about":[{"href":"https:\/\/microscopemedia.com\/index.php?rest_route=\/wp\/v2\/types\/post"}],"author":[{"embeddable":true,"href":"https:\/\/microscopemedia.com\/index.php?rest_route=\/wp\/v2\/users\/1"}],"replies":[{"embeddable":true,"href":"https:\/\/microscopemedia.com\/index.php?rest_route=%2Fwp%2Fv2%2Fcomments&post=689809"}],"version-history":[{"count":0,"href":"https:\/\/microscopemedia.com\/index.php?rest_route=\/wp\/v2\/posts\/689809\/revisions"}],"wp:featuredmedia":[{"embeddable":true,"href":"https:\/\/microscopemedia.com\/index.php?rest_route=\/wp\/v2\/media\/689810"}],"wp:attachment":[{"href":"https:\/\/microscopemedia.com\/index.php?rest_route=%2Fwp%2Fv2%2Fmedia&parent=689809"}],"wp:term":[{"taxonomy":"category","embeddable":true,"href":"https:\/\/microscopemedia.com\/index.php?rest_route=%2Fwp%2Fv2%2Fcategories&post=689809"},{"taxonomy":"post_tag","embeddable":true,"href":"https:\/\/microscopemedia.com\/index.php?rest_route=%2Fwp%2Fv2%2Ftags&post=689809"}],"curies":[{"name":"wp","href":"https:\/\/api.w.org\/{rel}","templated":true}]}}