{"id":689819,"date":"2026-04-28T20:56:05","date_gmt":"2026-04-28T20:56:05","guid":{"rendered":"https:\/\/microscopemedia.com\/?p=689819"},"modified":"2026-04-28T20:56:05","modified_gmt":"2026-04-28T20:56:05","slug":"radu-miruta-drona-de-la-galati-nu-a-fost-vazuta-pe-radar-noile-sisteme-vor-permite-detectarea-si-la-altitudine-joasa","status":"publish","type":"post","link":"https:\/\/microscopemedia.com\/?p=689819","title":{"rendered":"Radu Miru\u021b\u0103: Drona de la Gala\u021bi nu a fost v\u0103zut\u0103 pe radar. \u201eNoile sisteme vor permite detectarea \u0219i la altitudine joas\u0103\u201d"},"content":{"rendered":"<div><img decoding=\"async\" src=\"https:\/\/microscopemedia.com\/wp-content\/uploads\/2026\/04\/radu-miruta-drona-de-la-galati-nu-a-fost-vazuta-pe-radar-noile-sisteme-vor-permite-detectarea-si-la-altitudine-joasa.jpg\" class=\"ff-og-image-inserted\"><\/div>\n<p id=\"p-0\">\u201eDrona de la Gala\u021bi nu a fost v\u0103zut\u0103 pe radar. Pentru c\u0103 era la 50 de metri. Radarele noastre vedeau de la o altitudine mai mare\u201d, a declarat ministrul mar\u021bi, la Euronews Romania.<\/p>\n<h2 id=\"chapter-0\">Amenin\u021b\u0103ri noi la altitudine joas\u0103<\/h2>\n<p id=\"p-1\">Miru\u021b\u0103 a explicat faptul c\u0103 ap\u0103rarea aerian\u0103 a Rom\u00e2niei a fost g\u00e2ndit\u0103 pentru amenin\u021b\u0103ri la altitudine mare, \u00een timp ce noile riscuri vin din zona joas\u0103, unde dronele mici sunt greu de detectat. Acestea au o suprafa\u021b\u0103 de reflexie redus\u0103 \u0219i pot zbura \u00een zone greu de monitorizat, precum v\u0103i sau regiuni cu relief accidentat, unde semnalul radar este perturbat.<\/p>\n<p id=\"p-2\">\u201eArmata Rom\u00e2n\u0103 a fost g\u00e2ndit\u0103 s\u0103 protejeze spa\u021biul aerian la altitudini mai mari. Ast\u0103zi, pericolul vine \u0219i mai jos, cu obiecte mici, cu suprafa\u021b\u0103 de reflexie redus\u0103\u201d, a explicat ministrul.<\/p>\n<p id=\"p-3\">\u201eDe multe ori, semnalul nu mai ajunge la surs\u0103, pentru c\u0103 se izbe\u0219te de un deal sau de un munte, iar \u021binta este foarte mic\u0103\u201d, a ad\u0103ugat acesta.<\/p>\n<h2 id=\"chapter-1\">Noile sisteme anti-dron\u0103<\/h2>\n<p id=\"p-4\">Ministrul Ap\u0103r\u0103rii spune c\u0103 Rom\u00e2nia a \u00eenceput deja s\u0103 adapteze strategia \u0219i s\u0103 includ\u0103 \u00een planul de \u00eenzestrare solu\u021bii dedicate pentru astfel de amenin\u021b\u0103ri: \u201eDe acum, ceea ce am pus \u00een sistem \u00een ultimele luni \u00eenseamn\u0103, \u00een primul r\u00e2nd, c\u0103 vedem aceste drone\u201d.<\/p>\n<p id=\"p-5\">Potrivit acestuia, noile sisteme vor permite detectarea \u021bintelor la altitudine joas\u0103, iar \u00een unele cazuri \u0219i interceptarea lor.<\/p>\n<h2 id=\"chapter-2\">Livr\u0103rile, \u00eentinse p\u00e2n\u0103 \u00een 2028<\/h2>\n<p id=\"p-6\">Miru\u021b\u0103 a precizat c\u0103 Rom\u00e2nia a inclus mai multe proiecte anti-dron\u0103 \u00een planurile recente aprobate de Parlament, \u00eens\u0103 livr\u0103rile vor dura.<\/p>\n<p id=\"p-7\">\u201eDe acum 2-3 ani, de c\u00e2nd a ap\u0103rut acest tip de pericol, Rom\u00e2nia \u0219i-a modificat strategia \u0219i a pus \u00een planul de \u00eenzestrare solu\u021bii pentru aceste situa\u021bii. Unele vin \u00een 2027, altele \u00een 2028\u201d, a spus ministrul.<\/p>\n<p id=\"p-8\">El a men\u021bionat c\u0103 problema nu este specific\u0103 Rom\u00e2niei, \u00eentruc\u00e2t cererea global\u0103 pentru astfel de sisteme este ridicat\u0103, iar produc\u0103torii nu pot livra rapid pentru toate statele: \u201eNu doar noi. Toate \u021b\u0103rile au f\u0103cut acela\u0219i lucru, dar produc\u021bia acestor sisteme nu \u021bine pasul cu cererea\u201d.<\/p>\n<h2 id=\"chapter-3\">Ajust\u0103ri dup\u0103 incidentul Gala\u021bi<\/h2>\n<p id=\"p-9\">\u00cen urma incidentului de la Gala\u021bi, c\u00e2nd o dron\u0103 care zbura la joas\u0103 altitudine nu a fost detectat\u0103 pe radar, autorit\u0103\u021bile au repozi\u021bionat unele sisteme antiaeriene \u0219i au introdus altele noi \u00een zonele considerate vulnerabile. Ministrul a descris cazul drept o \u201eborn\u0103 major\u0103\u201d \u00een adaptarea ap\u0103r\u0103rii la amenin\u021b\u0103rile cu drone.<\/p>\n<p id=\"p-10\">\u201eDin scenariile pe care \u00eenainte nu le acopeream, c\u00e2teva \u00een plus sunt acoperite ast\u0103zi\u201d, a afirmat Miru\u021b\u0103.<\/p>\n<p id=\"p-11\">Oficialul a subliniat \u00eens\u0103 c\u0103 riscurile nu pot fi eliminate complet, dar probabilitatea unor incidente similare este \u00een sc\u0103dere.<\/p>\n","protected":false},"excerpt":{"rendered":"<p>\u201eDrona de la Gala\u021bi nu a fost v\u0103zut\u0103 pe radar. Pentru c\u0103 era la 50 de metri. Radarele noastre vedeau de la o altitudine mai mare\u201d, a declarat ministrul mar\u021bi, &hellip; <a href=\"https:\/\/microscopemedia.com\/?p=689819\" class=\"more-link\">Read More<\/a><\/p>\n","protected":false},"author":1,"featured_media":689820,"comment_status":"closed","ping_status":"closed","sticky":false,"template":"Default","format":"standard","meta":[],"categories":[1],"tags":[],"_links":{"self":[{"href":"https:\/\/microscopemedia.com\/index.php?rest_route=\/wp\/v2\/posts\/689819"}],"collection":[{"href":"https:\/\/microscopemedia.com\/index.php?rest_route=\/wp\/v2\/posts"}],"about":[{"href":"https:\/\/microscopemedia.com\/index.php?rest_route=\/wp\/v2\/types\/post"}],"author":[{"embeddable":true,"href":"https:\/\/microscopemedia.com\/index.php?rest_route=\/wp\/v2\/users\/1"}],"replies":[{"embeddable":true,"href":"https:\/\/microscopemedia.com\/index.php?rest_route=%2Fwp%2Fv2%2Fcomments&post=689819"}],"version-history":[{"count":0,"href":"https:\/\/microscopemedia.com\/index.php?rest_route=\/wp\/v2\/posts\/689819\/revisions"}],"wp:featuredmedia":[{"embeddable":true,"href":"https:\/\/microscopemedia.com\/index.php?rest_route=\/wp\/v2\/media\/689820"}],"wp:attachment":[{"href":"https:\/\/microscopemedia.com\/index.php?rest_route=%2Fwp%2Fv2%2Fmedia&parent=689819"}],"wp:term":[{"taxonomy":"category","embeddable":true,"href":"https:\/\/microscopemedia.com\/index.php?rest_route=%2Fwp%2Fv2%2Fcategories&post=689819"},{"taxonomy":"post_tag","embeddable":true,"href":"https:\/\/microscopemedia.com\/index.php?rest_route=%2Fwp%2Fv2%2Ftags&post=689819"}],"curies":[{"name":"wp","href":"https:\/\/api.w.org\/{rel}","templated":true}]}}